{"id":119519,"date":"2020-11-18T10:10:03","date_gmt":"2020-11-18T09:10:03","guid":{"rendered":"http:\/\/www.tucomarca.com\/wordpress\/segunda\/?p=119519"},"modified":"2020-11-19T02:27:36","modified_gmt":"2020-11-19T01:27:36","slug":"el-consorci-de-bombers-destina-12-milio-deuros-a-la-carrera-professional","status":"publish","type":"post","link":"https:\/\/www.tucomarca.com\/wordpress\/segunda\/ca\/el-consorci-de-bombers-destina-12-milio-deuros-a-la-carrera-professional\/","title":{"rendered":"El Consorci de Bombers destina 1,2 mili\u00f3 d\u2019euros a la carrera professional"},"content":{"rendered":"\n<p>Al Consorci ja tenen implementada la Carrera Professional des de l&#8217;1 de gener de 2020, amb efectes econ\u00f2mics a partir de l&#8217;1 de gener de 2021, amb una quantia m\u00e0xima 1,2 milions d\u2019euros. A\u00e7\u00f2 suposar\u00e0, que a partir de la n\u00f2mina de gener del 2021, ja es cobrar\u00e0 el complement de la carrera professional per part de tots els bombers que tenen dret a cobrar-la. Aquest augment ser\u00e0 del 7% de la n\u00f2mina, en el tram m\u00e9s alt, on s\u2019enquadren vora el 45% del bombers, m\u00e9s de 200 euros al mes, que \u00e9s el m\u00e0xim legal adm\u00e9s per la Intervenci\u00f3 del Consorci. La demanda dels sindicats suposa un augment de vora el 14% del total, totalment inviable a nivell legal.<\/p>\n\n\n\n<p>La implantaci\u00f3 de la cerrera professional s&#8217;ha fet, com no pot ser d&#8217;una altra manera, amb les m\u00e0ximes garanties econ\u00f2miques i legals, perqu\u00e8 d&#8217;aquesta forma es reconega i es premie efectivament l&#8217;experi\u00e8ncia, els coneixements, el comprom\u00eds, i la feina ben feta.<br><\/p>\n","protected":false},"excerpt":{"rendered":"<div class=\"mh-excerpt\">Al Consorci ja tenen implementada la Carrera Professional des de l&#8217;1 de gener de 2020, amb efectes econ\u00f2mics a partir de l&#8217;1 de gener de 2021, amb una quantia m\u00e0xima 1,2 milions d\u2019euros. A\u00e7\u00f2 suposar\u00e0, <a class=\"mh-excerpt-more\" href=\"https:\/\/www.tucomarca.com\/wordpress\/segunda\/ca\/el-consorci-de-bombers-destina-12-milio-deuros-a-la-carrera-professional\/\" title=\"El Consorci de Bombers destina 1,2 mili\u00f3 d\u2019euros a la carrera professional\">[+] <\/a><\/div>\n","protected":false},"author":12,"featured_media":119518,"comment_status":"open","ping_status":"open","sticky":false,"template":"","format":"standard","meta":{"footnotes":""},"categories":[10948,10894,10904,10896],"tags":[12830],"class_list":{"0":"post-119519","1":"post","2":"type-post","3":"status-publish","4":"format-standard","5":"has-post-thumbnail","7":"category-infraestructuras-ca","8":"category-la-comarca-ca","9":"category-sin-categorizar-ca","10":"category-seccion-ca","11":"tag-consorcio-provincial-de-bomberos-de-valencia"},"_links":{"self":[{"href":"https:\/\/www.tucomarca.com\/wordpress\/segunda\/ca\/wp-json\/wp\/v2\/posts\/119519","targetHints":{"allow":["GET"]}}],"collection":[{"href":"https:\/\/www.tucomarca.com\/wordpress\/segunda\/ca\/wp-json\/wp\/v2\/posts"}],"about":[{"href":"https:\/\/www.tucomarca.com\/wordpress\/segunda\/ca\/wp-json\/wp\/v2\/types\/post"}],"author":[{"embeddable":true,"href":"https:\/\/www.tucomarca.com\/wordpress\/segunda\/ca\/wp-json\/wp\/v2\/users\/12"}],"replies":[{"embeddable":true,"href":"https:\/\/www.tucomarca.com\/wordpress\/segunda\/ca\/wp-json\/wp\/v2\/comments?post=119519"}],"version-history":[{"count":0,"href":"https:\/\/www.tucomarca.com\/wordpress\/segunda\/ca\/wp-json\/wp\/v2\/posts\/119519\/revisions"}],"wp:featuredmedia":[{"embeddable":true,"href":"https:\/\/www.tucomarca.com\/wordpress\/segunda\/ca\/wp-json\/wp\/v2\/media\/119518"}],"wp:attachment":[{"href":"https:\/\/www.tucomarca.com\/wordpress\/segunda\/ca\/wp-json\/wp\/v2\/media?parent=119519"}],"wp:term":[{"taxonomy":"category","embeddable":true,"href":"https:\/\/www.tucomarca.com\/wordpress\/segunda\/ca\/wp-json\/wp\/v2\/categories?post=119519"},{"taxonomy":"post_tag","embeddable":true,"href":"https:\/\/www.tucomarca.com\/wordpress\/segunda\/ca\/wp-json\/wp\/v2\/tags?post=119519"}],"curies":[{"name":"wp","href":"https:\/\/api.w.org\/{rel}","templated":true}]}}