{"id":119524,"date":"2020-11-18T10:45:19","date_gmt":"2020-11-18T09:45:19","guid":{"rendered":"http:\/\/www.tucomarca.com\/wordpress\/segunda\/?p=119524"},"modified":"2020-11-19T02:34:23","modified_gmt":"2020-11-19T01:34:23","slug":"personal-tecnic-dadaptt-20-participa-en-els-programes-agrobik-i-turisbik-del-ceei","status":"publish","type":"post","link":"https:\/\/www.tucomarca.com\/wordpress\/segunda\/ca\/personal-tecnic-dadaptt-20-participa-en-els-programes-agrobik-i-turisbik-del-ceei\/","title":{"rendered":"Personal t\u00e8cnic d&#8217;ADAPT@+T 20 participa en els programes AgroBIK i TurisBIK del CEEI"},"content":{"rendered":"\n<h4 class=\"wp-block-heading\"><strong>La Mancomunitat de l&#8217;Interior Terra del Vi aplicar\u00e0 ferramentes espec\u00edfiques de BIK Idea en projectes empresarials concrets del sector agr\u00edcola i del turisme d&#8217;interior<\/strong><\/h4>\n\n\n\n<p>Personal t\u00e9cnico del <a href=\"https:\/\/www.tierradelvino.es\/pagina\/proyecto-experimental-empleo-adaptt-2020\">Proyecto Experimental de Empleo ADAPT@+T<\/a> de la Mancomunidad del Interior Tierra del Vino (MITV) particip\u00f3 el pasado a\u00f1o en las sesiones de Mentor y Facilitador BIK Idea dentro del programa de innovaci\u00f3n BIK del CEEI. Una iniciativa promovida y financiada por la Generalitat Valenciana, a trav\u00e9s del Instituto Valenciano de Competitividad Empresarial (IVACE), dentro de su pol\u00edtica de apoyo al emprendimiento y la pyme, y cuenta con la cofinanciaci\u00f3n de los fondos FEDER de la Uni\u00f3n Europea, dentro del Programa Operativo FEDER de la Comunitat Valenciana 2014-2020.<\/p>\n\n\n\n<p>Tras la formaci\u00f3n en la herramienta colaborativa BIK Idea como primera fase de este innovador programa, el proyecto participa este a\u00f1o en los programas AgroBIK y TurisBIK.&nbsp; Dos nuevas herramientas de creaci\u00f3n de modelos de negocio agro y tur\u00edstico que aplican esta la tecnol\u00f3gica basada en la metodolog\u00eda del Design Thinking (Mapear, Explorar, Construir y Testear).&nbsp;<\/p>\n\n\n\n<p>El objetivo final de este a\u00f1o es trabajar en la aplicaci\u00f3n de din\u00e1micas espec\u00edficas en proyectos empresariales concretos del sector agr\u00edcola y del turismo de interior, tomando como punto de partida las necesidades reales de los clientes para crear nuevas propuestas de valor.<\/p>\n\n\n\n<p>El sector agrario es uno de los elementos culturales m\u00e1s caracter\u00edsticos de nuestra tierra y uno de los motores de la econom\u00eda comarcal. Los ejemplos con los que se trabajan los talleres AgroBIK son la recuperaci\u00f3n de cultivos tradicionales abandonados y el desarrollo de plataformas de compra y comercializaci\u00f3n de productos y servicios agrarios enfocadas a facilitar los intercambios de bienes y servicios. Contribuyendo de esta manera a la difusi\u00f3n de los productos y valores del territorio.<\/p>\n","protected":false},"excerpt":{"rendered":"<div class=\"mh-excerpt\">La Mancomunitat de l&#8217;Interior Terra del Vi aplicar\u00e0 ferramentes espec\u00edfiques de BIK Idea en projectes empresarials concrets del sector agr\u00edcola i del turisme d&#8217;interior Personal t\u00e9cnico del Proyecto Experimental de Empleo ADAPT@+T de la Mancomunidad <a class=\"mh-excerpt-more\" href=\"https:\/\/www.tucomarca.com\/wordpress\/segunda\/ca\/personal-tecnic-dadaptt-20-participa-en-els-programes-agrobik-i-turisbik-del-ceei\/\" title=\"Personal t\u00e8cnic d&#8217;ADAPT@+T 20 participa en els programes AgroBIK i TurisBIK del CEEI\">[+] <\/a><\/div>\n","protected":false},"author":12,"featured_media":97214,"comment_status":"open","ping_status":"open","sticky":false,"template":"","format":"standard","meta":{"footnotes":""},"categories":[10905,11030,11031,11032,11054,11055,10948,10894,11056,10947,10908,10909,11057,10896,11058,11059,11060,11061],"tags":[7976,10387],"class_list":{"0":"post-119524","1":"post","2":"type-post","3":"status-publish","4":"format-standard","5":"has-post-thumbnail","7":"category-agricultura-la-comarca-ca","8":"category-campo-arcis-ca","9":"category-camporrobles-ca","10":"category-caudete-ca","11":"category-chera-ca","12":"category-fuenterrobles-ca","13":"category-infraestructuras-ca","14":"category-la-comarca-ca","15":"category-las-cuevas-ca","16":"category-politica","17":"category-requena-ca","18":"category-requena-utiel-ca","19":"category-san-antonio-ca","20":"category-seccion-ca","21":"category-sinarcas-ca","22":"category-utiel-ca","23":"category-venta-del-moro-ca","24":"category-villargordo-del-cabriel-ca","25":"tag-mancomunidad-tierra-del-vino","26":"tag-requena-utiel"},"_links":{"self":[{"href":"https:\/\/www.tucomarca.com\/wordpress\/segunda\/ca\/wp-json\/wp\/v2\/posts\/119524","targetHints":{"allow":["GET"]}}],"collection":[{"href":"https:\/\/www.tucomarca.com\/wordpress\/segunda\/ca\/wp-json\/wp\/v2\/posts"}],"about":[{"href":"https:\/\/www.tucomarca.com\/wordpress\/segunda\/ca\/wp-json\/wp\/v2\/types\/post"}],"author":[{"embeddable":true,"href":"https:\/\/www.tucomarca.com\/wordpress\/segunda\/ca\/wp-json\/wp\/v2\/users\/12"}],"replies":[{"embeddable":true,"href":"https:\/\/www.tucomarca.com\/wordpress\/segunda\/ca\/wp-json\/wp\/v2\/comments?post=119524"}],"version-history":[{"count":0,"href":"https:\/\/www.tucomarca.com\/wordpress\/segunda\/ca\/wp-json\/wp\/v2\/posts\/119524\/revisions"}],"wp:featuredmedia":[{"embeddable":true,"href":"https:\/\/www.tucomarca.com\/wordpress\/segunda\/ca\/wp-json\/wp\/v2\/media\/97214"}],"wp:attachment":[{"href":"https:\/\/www.tucomarca.com\/wordpress\/segunda\/ca\/wp-json\/wp\/v2\/media?parent=119524"}],"wp:term":[{"taxonomy":"category","embeddable":true,"href":"https:\/\/www.tucomarca.com\/wordpress\/segunda\/ca\/wp-json\/wp\/v2\/categories?post=119524"},{"taxonomy":"post_tag","embeddable":true,"href":"https:\/\/www.tucomarca.com\/wordpress\/segunda\/ca\/wp-json\/wp\/v2\/tags?post=119524"}],"curies":[{"name":"wp","href":"https:\/\/api.w.org\/{rel}","templated":true}]}}