{"id":119530,"date":"2020-11-18T10:30:39","date_gmt":"2020-11-18T09:30:39","guid":{"rendered":"http:\/\/www.tucomarca.com\/wordpress\/segunda\/?p=119530"},"modified":"2020-11-19T02:31:55","modified_gmt":"2020-11-19T01:31:55","slug":"el-partit-de-requena-i-aldees-va-votar-en-contra-dels-pressupostos-municipals-de-requena","status":"publish","type":"post","link":"https:\/\/www.tucomarca.com\/wordpress\/segunda\/ca\/el-partit-de-requena-i-aldees-va-votar-en-contra-dels-pressupostos-municipals-de-requena\/","title":{"rendered":"El Partit de Requena i Aldees va votar en contra dels pressupostos municipals de Requena"},"content":{"rendered":"\n<h4 class=\"wp-block-heading\"><strong>Argumenten que va ser perqu\u00e8 posen en risc d&#8217;endeutament a l&#8217;Ajuntament<\/strong><\/h4>\n\n\n\n<p>El Partido de Requena y Aldeas vot\u00f3 negativamente a la aprobaci\u00f3n de los presupuestos municipales para 2021 &#8220;por responsabilidad y por considerar que ponen en un serio riesgo de endeudamiento al Ayuntamiento de Requena&#8221; afirman desde la formaci\u00f3n pol\u00edtica. <\/p>\n\n\n\n<p>El presupuesto del pr\u00f3ximo a\u00f1o, al contrario que en a\u00f1os anteriores, &#8220;no tiene super\u00e1vit, es decir, gastan todo el dinero que se supone que van a ingresar sin guardar una parte para solucionar cualquier imprevisto&#8221; dicen las fuentes. <\/p>\n\n\n\n<p>Desde el PR y A se refieren a &#8220;la merma de ingresos que hay que tener en cuenta previsiblemente a causa de la enorme crisis econ\u00f3mica en la que se encuentra sumido nuestro pa\u00eds&#8221;. <\/p>\n\n\n\n<p>Adem\u00e1s, tambi\u00e9n en la actualidad, desgraciadamente el desempleo est\u00e1 azotando&nbsp; sobremanera a nuestro municipio, por lo que desde el PRyA \u201cmucho nos tememos que bajar\u00e1 la recaudaci\u00f3n en el pago de impuestos\u201d. <\/p>\n\n\n\n<p>Por todo ello, desde el PRyA consideran que &#8220;el gobierno municipal de PSOE y Podemos deber\u00edan haber eliminado gastos superfluos e inversiones innecesarias, como la compra del cine Astoria, para elaborar unos presupuestos que nos permitan afrontar la enorme crisis econ\u00f3mica en la que estamos inmersos, sin endeudar y subir impuestos a los requenenses&#8221;. Informa, <strong>Luis Ib\u00e1\u00f1ez.<\/strong><\/p>\n","protected":false},"excerpt":{"rendered":"<div class=\"mh-excerpt\">Argumenten que va ser perqu\u00e8 posen en risc d&#8217;endeutament a l&#8217;Ajuntament El Partido de Requena y Aldeas vot\u00f3 negativamente a la aprobaci\u00f3n de los presupuestos municipales para 2021 &#8220;por responsabilidad y por considerar que ponen <a class=\"mh-excerpt-more\" href=\"https:\/\/www.tucomarca.com\/wordpress\/segunda\/ca\/el-partit-de-requena-i-aldees-va-votar-en-contra-dels-pressupostos-municipals-de-requena\/\" title=\"El Partit de Requena i Aldees va votar en contra dels pressupostos municipals de Requena\">[+] <\/a><\/div>\n","protected":false},"author":12,"featured_media":108742,"comment_status":"open","ping_status":"open","sticky":false,"template":"","format":"standard","meta":{"footnotes":""},"categories":[10894,10947,10908,10909,10896],"tags":[10387],"class_list":{"0":"post-119530","1":"post","2":"type-post","3":"status-publish","4":"format-standard","5":"has-post-thumbnail","7":"category-la-comarca-ca","8":"category-politica","9":"category-requena-ca","10":"category-requena-utiel-ca","11":"category-seccion-ca","12":"tag-requena-utiel"},"_links":{"self":[{"href":"https:\/\/www.tucomarca.com\/wordpress\/segunda\/ca\/wp-json\/wp\/v2\/posts\/119530","targetHints":{"allow":["GET"]}}],"collection":[{"href":"https:\/\/www.tucomarca.com\/wordpress\/segunda\/ca\/wp-json\/wp\/v2\/posts"}],"about":[{"href":"https:\/\/www.tucomarca.com\/wordpress\/segunda\/ca\/wp-json\/wp\/v2\/types\/post"}],"author":[{"embeddable":true,"href":"https:\/\/www.tucomarca.com\/wordpress\/segunda\/ca\/wp-json\/wp\/v2\/users\/12"}],"replies":[{"embeddable":true,"href":"https:\/\/www.tucomarca.com\/wordpress\/segunda\/ca\/wp-json\/wp\/v2\/comments?post=119530"}],"version-history":[{"count":0,"href":"https:\/\/www.tucomarca.com\/wordpress\/segunda\/ca\/wp-json\/wp\/v2\/posts\/119530\/revisions"}],"wp:featuredmedia":[{"embeddable":true,"href":"https:\/\/www.tucomarca.com\/wordpress\/segunda\/ca\/wp-json\/wp\/v2\/media\/108742"}],"wp:attachment":[{"href":"https:\/\/www.tucomarca.com\/wordpress\/segunda\/ca\/wp-json\/wp\/v2\/media?parent=119530"}],"wp:term":[{"taxonomy":"category","embeddable":true,"href":"https:\/\/www.tucomarca.com\/wordpress\/segunda\/ca\/wp-json\/wp\/v2\/categories?post=119530"},{"taxonomy":"post_tag","embeddable":true,"href":"https:\/\/www.tucomarca.com\/wordpress\/segunda\/ca\/wp-json\/wp\/v2\/tags?post=119530"}],"curies":[{"name":"wp","href":"https:\/\/api.w.org\/{rel}","templated":true}]}}