{"id":119566,"date":"2020-11-18T10:05:53","date_gmt":"2020-11-18T09:05:53","guid":{"rendered":"http:\/\/www.tucomarca.com\/wordpress\/segunda\/?p=119566"},"modified":"2020-11-19T02:30:14","modified_gmt":"2020-11-19T01:30:14","slug":"la-diputacio-de-valencia-reduix-els-alts-carrecs-en-les-seues-empreses-i-entitats-i-regula-les-seues-retribucions","status":"publish","type":"post","link":"https:\/\/www.tucomarca.com\/wordpress\/segunda\/ca\/la-diputacio-de-valencia-reduix-els-alts-carrecs-en-les-seues-empreses-i-entitats-i-regula-les-seues-retribucions\/","title":{"rendered":"La Diputaci\u00f3 de Val\u00e8ncia redu\u00efx els alts c\u00e0rrecs en les seues empreses i entitats i regula les seues retribucions"},"content":{"rendered":"\n<h4 class=\"wp-block-heading\"><strong>La moci\u00f3 aprovada en el ple de novembre modifica l&#8217;acord de setembre de 2016 i fixa un m\u00e0xim de tres directius per a empreses dependents de la corporaci\u00f3 provincial<\/strong><\/h4>\n\n\n\n<h4 class=\"wp-block-heading\"><strong>El president Gaspar assenyala que l&#8217;objectiu \u00e9s tindre menys alts directius i una major fiscalitzaci\u00f3 dels ens de la instituci\u00f3. \u201cNo estem obligats per\u00f2 volem sotmetre&#8217;ns a les mateixes mesures del sector p\u00fablic estatal\u201d<\/strong><\/h4>\n\n\n\n<p>La Diputaci\u00f3 de Val\u00e8ncia redu\u00efx els alts c\u00e0rrecs de les seues entitats dependents a trav\u00e9s de la modificaci\u00f3 de l&#8217;acord de setembre de 2016 que va classificar per primera vegada les empreses del sector p\u00fablic provincial, aix\u00ed com els seus directius i retribucions. La moci\u00f3 que modifica este acord ha sigut aprovada en el ple de novembre amb els vots favorables de l&#8217;equip de govern provincial (PSPV i Comprom\u00eds), l&#8217;abstenci\u00f3 de Ciutadans, Vox i La Vall ens Uneix i l&#8217;\u00fanic vot en contra del PP. Entre altres novetats, fixa en un m\u00e0xim de tres els alts c\u00e0rrecs dels ens dependents de la corporaci\u00f3 provincial.<\/p>\n\n\n\n<p>En paraules del president de la Diputaci\u00f3, Toni Gaspar, \u201cl&#8217;objectiu de la modificaci\u00f3 \u00e9s redu\u00efr els alts directius de les empreses de la instituci\u00f3 i tindre major control en elles\u201d. \u201cEncara que no estem obligats per la llei, hem decidit sotmetre&#8217;ns a m\u00e9s controls introduint les mateixes mesures que tenen les empreses p\u00fabliques del sector estatal\u201d, ha afegit Gaspar.<\/p>\n\n\n\n<p>El m\u00e0xim responsable provincial ha matisat que este acord \u201cno corregix defici\u00e8ncies sin\u00f3 interpretacions, per a millorar l&#8217;acord de 2016 i fixar amb claredat temes com a retribucions i indemnitzacions, al mateix temps que redu\u00efx dr\u00e0sticament el nombre d&#8217;alts c\u00e0rrecs, en resposta al primer mandat que li va donar a esta Presid\u00e8ncia la Junta General de Divalterra fa dos anys\u201d. \u201cEl segon dels mandats que vaig assumir va ser la transformaci\u00f3 de l&#8217;empresa p\u00fablica, de la qual prompte espere informar en este ple amb la forma jur\u00eddica oportuna per a la seua execuci\u00f3\u201d, ha concl\u00f2s Gaspar.<\/p>\n\n\n\n<p>La moci\u00f3 aprovada en la sessi\u00f3 plen\u00e0ria d&#8217;este dimarts, que at\u00e9n l&#8217;informe del secretari general de la corporaci\u00f3, establix que les empreses dependents de la Diputaci\u00f3 classificades com a grup 1, cas de Divalterra, Egevasa i el Consorci Provincial de Bombers, podran tindre un m\u00e0xim de tres alts c\u00e0rrecs, amb una retribuci\u00f3 b\u00e0sica de 48.000 euros que, sumant els complements de lloc i variables no podran superar en cap cas els 72.000 euros.<\/p>\n\n\n\n<p>La modificaci\u00f3 confirmada en el ple provincial de novembre incorpora una novetat important que suposa una major fiscalitzaci\u00f3 i control respecte a l&#8217;acord de 2016. Els contractes de directius del sector p\u00fablic local se sotmetran, abans de formalitzar-se, al control de legalitat que establix la llei 3\/2012 de 6 de juliol, de mesures urgents per a la reforma del mercat laboral. Seran nul\u00b7les les cl\u00e0usules de contractes mercantils o d&#8217;alta direcci\u00f3 que s&#8217;oposen a establir el present acord.<\/p>\n\n\n\n<p><strong>Control i fiscalitzaci\u00f3<\/strong><\/p>\n\n\n\n<p>En el cas de Divalterra, cal recordar que en 2019 l&#8217;\u00e0rea de Presid\u00e8ncia de la Diputaci\u00f3 va donar validesa als acords de la Junta General de l&#8217;ens p\u00fablic a la fi de l&#8217;any anterior, que va donar llum verda a un nou organigrama del Consell d&#8217;Administraci\u00f3 de Divalterra amb un conseller delegat, un gerent i un responsable de l&#8217;\u00e0rea jur\u00eddica, enfront de la desena d&#8217;alts c\u00e0rrecs que permetia l&#8217;acord de 2016.<\/p>\n\n\n\n<p>La modificaci\u00f3 aprovada este dimarts, amb el dictamen favorable de la Comissi\u00f3 d&#8217;Hisenda i Especial de Comptes del passat 13 de novembre, contempla, entre altres acords, que els directius que reflectixen els estatuts seran nomenats amb criteris de compet\u00e8ncia professional i experi\u00e8ncia en l&#8217;acompliment de llocs de responsabilitat en gesti\u00f3 p\u00fablica o privada, tenint en compte la responsabilitat professional i personal directa sobre la seua gesti\u00f3 i el control i avaluaci\u00f3 de la seua gesti\u00f3 per part d&#8217;un \u00f2rgan superior.<\/p>\n\n\n\n<p>Per a estos directius queda establida una retribuci\u00f3 b\u00e0sica de 48.349 euros per a entitats del primer grup; 37.605 euros en el grup 2; i una mica m\u00e9s de 32.000 euros per al grup 3. Sumant els complements, que poden ser de lloc en funci\u00f3 de q\u00fcestions com el nivell de responsabilitat o el pes relatiu dins de l&#8217;organitzaci\u00f3, i variables segons la consecuci\u00f3 dels objectius pr\u00e8viament fixats per l&#8217;empresa, estes quantitats poden arribar, com a m\u00e0xim, als 72.524, 56.407 i 48.349 euros depenent de la classificaci\u00f3 de l&#8217;empresa i sense superar els l\u00edmits de la Llei de Pressupostos Generals de l&#8217;Estat.<\/p>\n\n\n\n<p>La resta de personal directiu, fins al m\u00e0xim perm\u00e9s, dels ens dependents de la Diputaci\u00f3 ser\u00e0 seleccionat mitjan\u00e7ant convocat\u00f2ria p\u00fablica basada en els principis d&#8217;igualtat, m\u00e8rit i capacitat. Al mateix temps, les indemnitzacions per desistiment empresarial seran aprovades per l&#8217;\u00f2rgan que va autoritzar la contractaci\u00f3, amb l&#8217;informe previ del secretari-lletrat assessor de l&#8217;\u00f2rgan de govern de l&#8217;entitat.<\/p>\n\n\n\n<p>Un altre punt a tindre en compte \u00e9s que els membres i empleats de la Diputaci\u00f3 que formen part dels consells d&#8217;administraci\u00f3 i \u00f2rgans superiors de govern o administraci\u00f3 d&#8217;ens dependents de la instituci\u00f3 no percebran retribuci\u00f3 ni indemnitzaci\u00f3 per realitzar estes funcions.<\/p>\n\n\n\n<p><strong>\u2018El silenci et fa c\u00f2mplice\u2019<\/strong><\/p>\n\n\n\n<p>En la sessi\u00f3 telem\u00e0tica, que ha tingut com a base el Sal\u00f3 de Plens de la Diputaci\u00f3, es van debatre moltes altres q\u00fcestions, entre les quals destaca la moci\u00f3 en contra de la viol\u00e8ncia de g\u00e8nere que, en vespres del 25N, no ha pogut convertir-se en declaraci\u00f3 institucional pel vot en contra de VOX. Al seu torn, el diputat de VOX, Joaqu\u00edn Al\u00e9s, va presentar una moci\u00f3 alternativa sobre este tema que va comptar amb l&#8217;\u00fanic suport del PP.<\/p>\n\n\n\n<p>En defensa de la moci\u00f3 conjunta que definix la protecci\u00f3 de les v\u00edctimes com una obligaci\u00f3 de les administracions p\u00fabliques ha intervingut la titular de l&#8217;\u00e0rea provincial d&#8217;Igualtat, Eli Garc\u00eda, que com a punt de partida ha assegurat que la viol\u00e8ncia de g\u00e8nere \u201cno t\u00e9 cabuda en la nostra societat i la nostra democr\u00e0cia\u201d. La diputada ha nomenat una per una a les dones assassinades a les mans de les seues parelles o ex parelles en l&#8217;\u00faltim any, ha instat a con\u00e9ixer p\u00fablicament les cares dels quals causen tant de dolor i ha incidit en l&#8217;actitud de l&#8217;entorn de les dones maltractades per a erradicar la xacra social.<\/p>\n\n\n\n<p>La responsable d&#8217;Igualtat ha repassat les actuacions que t\u00e9 en marxa el seu departament en esta mat\u00e8ria, com una Xarxa de Municipis Protegits contra la Viol\u00e8ncia de G\u00e8nere que compta ja amb 101 ajuntaments adherits i el foment de la coeducaci\u00f3 en cadascuna de les iniciatives de l&#8217;\u00e0rea. I ha anunciat Eli Garc\u00eda, a m\u00e9s de l&#8217;ajornament dels premis Celia Amor\u00f3s a causa de la COVID-19, la presentaci\u00f3 de la campanya de sensibilitzaci\u00f3 \u2018El silenci et fa c\u00f2mplice\u2019, que tindr\u00e0 lloc el mateix 25N a la seu central de la corporaci\u00f3 provincial \u201csi la pand\u00e8mia ho permet\u201d.<\/p>\n\n\n\n<p>El ple de la Diputaci\u00f3 de Val\u00e8ncia del mes de novembre ha finalitzat amb la lectura d&#8217;una declaraci\u00f3 institucional que reclama la consideraci\u00f3 de l&#8217;activitat desenvolupada pels agents de les policies locals com a professi\u00f3 de risc que garantix la conviv\u00e8ncia en llibertat de les ciutadanes i ciutadans.<\/p>\n","protected":false},"excerpt":{"rendered":"<div class=\"mh-excerpt\">La moci\u00f3 aprovada en el ple de novembre modifica l&#8217;acord de setembre de 2016 i fixa un m\u00e0xim de tres directius per a empreses dependents de la corporaci\u00f3 provincial El president Gaspar assenyala que l&#8217;objectiu <a class=\"mh-excerpt-more\" href=\"https:\/\/www.tucomarca.com\/wordpress\/segunda\/ca\/la-diputacio-de-valencia-reduix-els-alts-carrecs-en-les-seues-empreses-i-entitats-i-regula-les-seues-retribucions\/\" title=\"La Diputaci\u00f3 de Val\u00e8ncia redu\u00efx els alts c\u00e0rrecs en les seues empreses i entitats i regula les seues retribucions\">[+] <\/a><\/div>\n","protected":false},"author":12,"featured_media":119565,"comment_status":"open","ping_status":"open","sticky":false,"template":"","format":"standard","meta":{"footnotes":""},"categories":[10898,10948,10894,10904,10947,10896],"tags":[3677,584],"class_list":{"0":"post-119566","1":"post","2":"type-post","3":"status-publish","4":"format-standard","5":"has-post-thumbnail","7":"category-ventana-ca","8":"category-infraestructuras-ca","9":"category-la-comarca-ca","10":"category-sin-categorizar-ca","11":"category-politica","12":"category-seccion-ca","13":"tag-diputacio-de-valencia","14":"tag-pleno"},"_links":{"self":[{"href":"https:\/\/www.tucomarca.com\/wordpress\/segunda\/ca\/wp-json\/wp\/v2\/posts\/119566","targetHints":{"allow":["GET"]}}],"collection":[{"href":"https:\/\/www.tucomarca.com\/wordpress\/segunda\/ca\/wp-json\/wp\/v2\/posts"}],"about":[{"href":"https:\/\/www.tucomarca.com\/wordpress\/segunda\/ca\/wp-json\/wp\/v2\/types\/post"}],"author":[{"embeddable":true,"href":"https:\/\/www.tucomarca.com\/wordpress\/segunda\/ca\/wp-json\/wp\/v2\/users\/12"}],"replies":[{"embeddable":true,"href":"https:\/\/www.tucomarca.com\/wordpress\/segunda\/ca\/wp-json\/wp\/v2\/comments?post=119566"}],"version-history":[{"count":0,"href":"https:\/\/www.tucomarca.com\/wordpress\/segunda\/ca\/wp-json\/wp\/v2\/posts\/119566\/revisions"}],"wp:featuredmedia":[{"embeddable":true,"href":"https:\/\/www.tucomarca.com\/wordpress\/segunda\/ca\/wp-json\/wp\/v2\/media\/119565"}],"wp:attachment":[{"href":"https:\/\/www.tucomarca.com\/wordpress\/segunda\/ca\/wp-json\/wp\/v2\/media?parent=119566"}],"wp:term":[{"taxonomy":"category","embeddable":true,"href":"https:\/\/www.tucomarca.com\/wordpress\/segunda\/ca\/wp-json\/wp\/v2\/categories?post=119566"},{"taxonomy":"post_tag","embeddable":true,"href":"https:\/\/www.tucomarca.com\/wordpress\/segunda\/ca\/wp-json\/wp\/v2\/tags?post=119566"}],"curies":[{"name":"wp","href":"https:\/\/api.w.org\/{rel}","templated":true}]}}