{"id":119599,"date":"2020-11-19T19:40:54","date_gmt":"2020-11-19T18:40:54","guid":{"rendered":"http:\/\/www.tucomarca.com\/wordpress\/segunda\/?p=119599"},"modified":"2020-11-20T14:10:33","modified_gmt":"2020-11-20T13:10:33","slug":"la-unio-critica-que-la-conselleria-dagricultura-no-haja-abonat-encara-les-ajudes-per-valor-de-mes-de-3-milions-deuros-als-sectors-ramaders-afectats-per-covid-19","status":"publish","type":"post","link":"https:\/\/www.tucomarca.com\/wordpress\/segunda\/ca\/la-unio-critica-que-la-conselleria-dagricultura-no-haja-abonat-encara-les-ajudes-per-valor-de-mes-de-3-milions-deuros-als-sectors-ramaders-afectats-per-covid-19\/","title":{"rendered":"La Uni\u00f3 critica que la Conselleria d&#8217;Agricultura no haja abonat encara les ajudes per valor de m\u00e9s de 3 milions d&#8217;euros als sectors ramaders afectats per Covid-19"},"content":{"rendered":"\n<h4 class=\"wp-block-heading\"><strong>Entre les tres ajudes atorgades per la Covid-19 s&#8217;ha utilitzat a penes el 51% del pressupost<\/strong><\/h4>\n\n\n\n<p>La Uni\u00f3 de Llauradors i Ramaders critica que la Conselleria d&#8217;Agricultura, Desenvolupament Rural, Emerg\u00e8ncia Clim\u00e0tica i Transici\u00f3 Ecol\u00f2gica no hagi pagat encara les ajudes als sectors ramaders m\u00e9s afectats per la Covid-19 -uns 3,2 milions d&#8217;euros-, sol\u00b7licituds que es van demanar entre l&#8217;\u00faltima quinzena de maig i la primera de juny.<\/p>\n\n\n\n<p>Es tracta de persones ramaderes que estan travessant una dif\u00edcil situaci\u00f3 durant els \u00faltims mesos com a conseq\u00fc\u00e8ncia de les cont\u00ednues restriccions pel tancament total o parcial del canal HORECA.<\/p>\n\n\n\n<p>Agricultura s\u00ed que ha abonat per la seua banda les ajudes per la venda directa en mercats, llotges, alf\u00f2ndecs o a l&#8217;detall i les de creaci\u00f3 de canals telem\u00e0tics de venda de productes agroalimentaris, per\u00f2 es tracta de poques persones benefici\u00e0ries i amb quantitats molt petites en relaci\u00f3 a les de ramaderia. En concret, s\u00f3n poc m\u00e9s de 74.000 euros i 50 beneficiaris entre les dues, donant la ra\u00f3 a la Uni\u00f3 quan en el seu dia ja va criticar els condicionants i els terminis de les mateixes.<\/p>\n\n\n\n<p>El pressupost de les ajudes ramaderes era de 4 milions d&#8217;euros, dels quals es van concedir finalment 3.290.000 d&#8217;euros, el 82% de la mateixa. S\u00f3n un total de 561 expedients.<\/p>\n\n\n\n<p>Dels 6,5 milions d&#8217;euros per a aquestes tres ajudes (mercats, venda telem\u00e0tica i ramaderia) als sectors m\u00e9s afectats per la pand\u00e8mia, \u00fanicament s&#8217;ha concedit poc m\u00e9s de la meitat de l&#8217;pressupost, concretament el 51%. En aquest sentit, l&#8217;organitzaci\u00f3 reclama que s&#8217;abonen de forma urgent aquests ajuts ramaderes i demanda que el 49% del pressupost no utilitzat servisca per donar suport a altres sectors que es van quedar fora de l&#8217;acc\u00e9s a les mateixes com \u00e9s el de l&#8217;apicultura, els toros braus i de l\u00eddia o els d&#8217;\u00e0necs, entre d&#8217;altres; aix\u00ed com que s&#8217;incrementi l&#8217;ajuda per als altres sol\u00b7licitants.<\/p>\n\n\n\n<p>Els ajuts que al seu dia va sol\u00b7licitar la Uni\u00f3, tenien la finalitat d&#8217;establir una l\u00ednia de suport espec\u00edfic per a les explotacions d&#8217;ov\u00ed, cabrum i bov\u00ed afectades per les mesures establertes en l&#8217;estat d&#8217;alarma, concretament, pel tancament de l&#8217;canal HORECA i per els mercats de venda no sedent\u00e0ria. Pretenien aix\u00ed complir l&#8217;Objectiu de Desenvolupament Sostenible 2.4 que \u00e9s el d&#8217;assegurar la sostenibilitat dels sistemes de producci\u00f3 d&#8217;aliments i aplicar pr\u00e0ctiques agr\u00edcoles resilients.<\/p>\n\n\n\n<p>Informa, <strong>Luis Ib\u00e1\u00f1ez.<\/strong><\/p>\n","protected":false},"excerpt":{"rendered":"<div class=\"mh-excerpt\">Entre les tres ajudes atorgades per la Covid-19 s&#8217;ha utilitzat a penes el 51% del pressupost La Uni\u00f3 de Llauradors i Ramaders critica que la Conselleria d&#8217;Agricultura, Desenvolupament Rural, Emerg\u00e8ncia Clim\u00e0tica i Transici\u00f3 Ecol\u00f2gica no <a class=\"mh-excerpt-more\" href=\"https:\/\/www.tucomarca.com\/wordpress\/segunda\/ca\/la-unio-critica-que-la-conselleria-dagricultura-no-haja-abonat-encara-les-ajudes-per-valor-de-mes-de-3-milions-deuros-als-sectors-ramaders-afectats-per-covid-19\/\" title=\"La Uni\u00f3 critica que la Conselleria d&#8217;Agricultura no haja abonat encara les ajudes per valor de m\u00e9s de 3 milions d&#8217;euros als sectors ramaders afectats per Covid-19\">[+] <\/a><\/div>\n","protected":false},"author":12,"featured_media":106275,"comment_status":"open","ping_status":"open","sticky":false,"template":"","format":"standard","meta":{"footnotes":""},"categories":[10905,12202,10894,10904,10947,10908,10909,10896,10897],"tags":[11939,11940],"class_list":{"0":"post-119599","1":"post","2":"type-post","3":"status-publish","4":"format-standard","5":"has-post-thumbnail","7":"category-agricultura-la-comarca-ca","8":"category-covid-19-ca","9":"category-la-comarca-ca","10":"category-sin-categorizar-ca","11":"category-politica","12":"category-requena-ca","13":"category-requena-utiel-ca","14":"category-seccion-ca","15":"category-sucesos-la-comarca-ca","16":"tag-coronavirus-ca","17":"tag-covid-19-ca"},"_links":{"self":[{"href":"https:\/\/www.tucomarca.com\/wordpress\/segunda\/ca\/wp-json\/wp\/v2\/posts\/119599","targetHints":{"allow":["GET"]}}],"collection":[{"href":"https:\/\/www.tucomarca.com\/wordpress\/segunda\/ca\/wp-json\/wp\/v2\/posts"}],"about":[{"href":"https:\/\/www.tucomarca.com\/wordpress\/segunda\/ca\/wp-json\/wp\/v2\/types\/post"}],"author":[{"embeddable":true,"href":"https:\/\/www.tucomarca.com\/wordpress\/segunda\/ca\/wp-json\/wp\/v2\/users\/12"}],"replies":[{"embeddable":true,"href":"https:\/\/www.tucomarca.com\/wordpress\/segunda\/ca\/wp-json\/wp\/v2\/comments?post=119599"}],"version-history":[{"count":0,"href":"https:\/\/www.tucomarca.com\/wordpress\/segunda\/ca\/wp-json\/wp\/v2\/posts\/119599\/revisions"}],"wp:featuredmedia":[{"embeddable":true,"href":"https:\/\/www.tucomarca.com\/wordpress\/segunda\/ca\/wp-json\/wp\/v2\/media\/106275"}],"wp:attachment":[{"href":"https:\/\/www.tucomarca.com\/wordpress\/segunda\/ca\/wp-json\/wp\/v2\/media?parent=119599"}],"wp:term":[{"taxonomy":"category","embeddable":true,"href":"https:\/\/www.tucomarca.com\/wordpress\/segunda\/ca\/wp-json\/wp\/v2\/categories?post=119599"},{"taxonomy":"post_tag","embeddable":true,"href":"https:\/\/www.tucomarca.com\/wordpress\/segunda\/ca\/wp-json\/wp\/v2\/tags?post=119599"}],"curies":[{"name":"wp","href":"https:\/\/api.w.org\/{rel}","templated":true}]}}