{"id":119876,"date":"2020-11-23T15:00:33","date_gmt":"2020-11-23T14:00:33","guid":{"rendered":"http:\/\/www.tucomarca.com\/wordpress\/segunda\/?p=119876"},"modified":"2020-11-23T18:58:46","modified_gmt":"2020-11-23T17:58:46","slug":"video-loficina-municipal-de-lacolliment-familiar-de-xest-celebra-el-mes-de-la-infancia-amb-activitats-de-sensibilitzacio","status":"publish","type":"post","link":"https:\/\/www.tucomarca.com\/wordpress\/segunda\/ca\/video-loficina-municipal-de-lacolliment-familiar-de-xest-celebra-el-mes-de-la-infancia-amb-activitats-de-sensibilitzacio\/","title":{"rendered":"Video: l&#8217;oficina municipal de l&#8217;acolliment familiar de Xest celebra el mes de la inf\u00e0ncia amb activitats de sensibilitzaci\u00f3"},"content":{"rendered":"\n<figure class=\"wp-block-video\"><video controls src=\"https:\/\/www.tucomarca.com\/wordpress\/segunda\/wp-content\/uploads\/2020\/11\/OFICINA-DEL-AF-AYTO-DE-CHESTE-1.mp4\"><\/video><\/figure>\n\n\n\n<p>L&#8217;oficina municipal d&#8217;acolliment familiar de la Xarxa Acaronar i la regidoria de Benestar Social han posat en marxa una campanya informativa durant novembre, amb motiu de la celebraci\u00f3 de l&#8217;Mes de la Inf\u00e0ncia, per sensibilitzar la poblaci\u00f3 sobre la necessitat de protegir els drets de els nens, nenes i adolescents.<\/p>\n\n\n\n<p>&#8220;Des de l&#8217;Ajuntament valorem profundament la tasca que realitza Acaronar, per aix\u00f2 els oferim tot el nostre suport quan proposen iniciatives com aquesta campanya solid\u00e0ria, que pret\u00e9n contribuir a que els menors tinguin una inf\u00e0ncia feli\u00e7 amb gent que els vulgui i puguin formar-se en condicions d&#8217;igualtat &#8220;, ha apuntat la regidora de Benestar Social, M\u00aa \u00c1ngeles Llorente. &#8220;Creiem que \u00e9s fonamental conscienciar la ciutadania dels drets dels infants i de les nenes de tots els llocs d&#8217;el m\u00f3n i, en aquest sentit, considerem important\u00edssim donar a con\u00e8ixer el recurs de l&#8217;acolliment de nens vulnerables&#8221;.<\/p>\n\n\n\n<p><strong>Programa<\/strong><\/p>\n\n\n\n<p>En primer lloc es va a realitzar difusi\u00f3 sobre el servei p\u00fablic que ofereix l&#8217;oficina d&#8217;acolliment familiar, per al que s&#8217;ha elaborat un v\u00eddeo que ja s&#8217;est\u00e0 projectant abans de les sessions de cinema al teatre Liceu i, a partir d&#8217;avui, 20 de novembre, tamb\u00e9 s&#8217;est\u00e0 difonent a trav\u00e9s de les plataformes informatives municipals, coincidint amb el Dia de la Inf\u00e0ncia.<\/p>\n\n\n\n<p>A m\u00e9s, durant novembre i desembre es van a organitzar tres webinars o confer\u00e8ncies en l\u00ednia gratu\u00eftes i obertes a tota la poblaci\u00f3 que abordaran diferents enfocaments de l&#8217;acolliment. La primera d&#8217;elles consistir\u00e0 en una entrevista a el director de cinema Ra\u00fal Serrano, que explicar\u00e0 la seva experi\u00e8ncia com a nen en el sistema de protecci\u00f3 i el seu treball posterior en aquest \u00e0mbit. El segon taller en l\u00ednia consistir\u00e0 en un col\u00b7loqui entre fam\u00edlies acollidores i en el tercer s&#8217;explicaran les etapes de desenvolupament en la inf\u00e0ncia. Totes les sessions estaran dirigides per experts en la promoci\u00f3 dels drets de la inf\u00e0ncia i la joventut.<\/p>\n\n\n\n<p>Finalment, durant el mes de desembre es realitzaran activitats en centres educatius de Xest sota el lema &#8220;Dret a cr\u00e9ixer en fam\u00edlia&#8221;. Els tallers proposats inclouen la creaci\u00f3 d&#8217;un conte col\u00b7lectiu a partir d&#8217;il\u00b7lustracions; un debat sobre la diversitat familiar a partir d&#8217;imatges que reflecteixen diferents situacions i una presentaci\u00f3 sobre els drets de la inf\u00e0ncia i adolesc\u00e8ncia per reflexionar en grup.<\/p>\n\n\n\n<p><strong>L&#8217;oficina municipal d&#8217;acolliment<\/strong><\/p>\n\n\n\n<p>L&#8217;oficina municipal de l&#8217;Acolliment Familiar a Xest forma part de la Xarxa d&#8217;Oficines de Acaronar, entitat que col\u00b7labora amb la Generalitat Valenciana ajudant a persones i fam\u00edlies interessades en l&#8217;acolliment, i compta amb el suport de la regidoria de Benestar Social.<\/p>\n\n\n\n<p>L&#8217;acolliment \u00e9s un recurs p\u00fablic de el Sistema de Protecci\u00f3 de la Generalitat Valenciana, que es fa responsable dels nens, nenes i adolescents en les fam\u00edlies d&#8217;origen no poden assumir la seva cura.<\/p>\n\n\n\n<p>En aquest marc, l&#8217;oficina de Xest, situada al n\u00famero 2 de l&#8217;Passeig F\u00e9lix Rodr\u00edguez de la Fuente, ofereix atenci\u00f3 personalitzada a aquelles persones i fam\u00edlies que s&#8217;interessen per col\u00b7laborar amb el Acolliment Familiar. Es pot contactar mitjan\u00e7ant el correu acaronar@acaronar.es i de el tel\u00e8fon 650 49 95 71.<\/p>\n\n\n\n<p>El seu altre \u00e0mbit d&#8217;actuaci\u00f3 \u00e9s el comunitari, coordinant les actuacions de sensibilitzaci\u00f3 i informaci\u00f3 amb campanyes com l&#8217;actual i altres de similars.<\/p>\n","protected":false},"excerpt":{"rendered":"<div class=\"mh-excerpt\">L&#8217;oficina municipal d&#8217;acolliment familiar de la Xarxa Acaronar i la regidoria de Benestar Social han posat en marxa una campanya informativa durant novembre, amb motiu de la celebraci\u00f3 de l&#8217;Mes de la Inf\u00e0ncia, per sensibilitzar <a class=\"mh-excerpt-more\" href=\"https:\/\/www.tucomarca.com\/wordpress\/segunda\/ca\/video-loficina-municipal-de-lacolliment-familiar-de-xest-celebra-el-mes-de-la-infancia-amb-activitats-de-sensibilitzacio\/\" title=\"Video: l&#8217;oficina municipal de l&#8217;acolliment familiar de Xest celebra el mes de la inf\u00e0ncia amb activitats de sensibilitzaci\u00f3\">[+] <\/a><\/div>\n","protected":false},"author":12,"featured_media":119874,"comment_status":"open","ping_status":"open","sticky":false,"template":"","format":"video","meta":{"footnotes":""},"categories":[11019,10894,10912,10896,11062,10974],"tags":[540,11071,5952],"class_list":{"0":"post-119876","1":"post","2":"type-post","3":"status-publish","4":"format-video","5":"has-post-thumbnail","7":"category-agenda-ca","8":"category-la-comarca-ca","9":"category-la-hoya-ca","10":"category-seccion-ca","11":"category-videos","12":"category-cheste-ca","13":"tag-acaronar","14":"tag-cheste","15":"tag-la-hoya-de-bunol-chiva","16":"post_format-post-format-video"},"_links":{"self":[{"href":"https:\/\/www.tucomarca.com\/wordpress\/segunda\/ca\/wp-json\/wp\/v2\/posts\/119876","targetHints":{"allow":["GET"]}}],"collection":[{"href":"https:\/\/www.tucomarca.com\/wordpress\/segunda\/ca\/wp-json\/wp\/v2\/posts"}],"about":[{"href":"https:\/\/www.tucomarca.com\/wordpress\/segunda\/ca\/wp-json\/wp\/v2\/types\/post"}],"author":[{"embeddable":true,"href":"https:\/\/www.tucomarca.com\/wordpress\/segunda\/ca\/wp-json\/wp\/v2\/users\/12"}],"replies":[{"embeddable":true,"href":"https:\/\/www.tucomarca.com\/wordpress\/segunda\/ca\/wp-json\/wp\/v2\/comments?post=119876"}],"version-history":[{"count":0,"href":"https:\/\/www.tucomarca.com\/wordpress\/segunda\/ca\/wp-json\/wp\/v2\/posts\/119876\/revisions"}],"wp:featuredmedia":[{"embeddable":true,"href":"https:\/\/www.tucomarca.com\/wordpress\/segunda\/ca\/wp-json\/wp\/v2\/media\/119874"}],"wp:attachment":[{"href":"https:\/\/www.tucomarca.com\/wordpress\/segunda\/ca\/wp-json\/wp\/v2\/media?parent=119876"}],"wp:term":[{"taxonomy":"category","embeddable":true,"href":"https:\/\/www.tucomarca.com\/wordpress\/segunda\/ca\/wp-json\/wp\/v2\/categories?post=119876"},{"taxonomy":"post_tag","embeddable":true,"href":"https:\/\/www.tucomarca.com\/wordpress\/segunda\/ca\/wp-json\/wp\/v2\/tags?post=119876"}],"curies":[{"name":"wp","href":"https:\/\/api.w.org\/{rel}","templated":true}]}}