{"id":119951,"date":"2020-11-23T11:00:12","date_gmt":"2020-11-23T10:00:12","guid":{"rendered":"http:\/\/www.tucomarca.com\/wordpress\/segunda\/?p=119951"},"modified":"2020-11-24T01:57:03","modified_gmt":"2020-11-24T00:57:03","slug":"igualdad-de-la-mancomunitat-terra-del-vi-promou-la-campanya-unids-en-un-mateix-batec-contra-la-violencia-de-genero","status":"publish","type":"post","link":"https:\/\/www.tucomarca.com\/wordpress\/segunda\/ca\/igualdad-de-la-mancomunitat-terra-del-vi-promou-la-campanya-unids-en-un-mateix-batec-contra-la-violencia-de-genero\/","title":{"rendered":"Igualdad de la Mancomunitat  Terra del Vi promou la campanya &#8220;Unid@s en un mateix batec contra la viol\u00e8ncia de g\u00e9nero&#8221;"},"content":{"rendered":"\n<h4 class=\"wp-block-heading\"><strong>En commemoraci\u00f3 del pr\u00f2xim 25 de novembre, Dia Internacional de l&#8217;Eliminaci\u00f3 de la Viol\u00e8ncia contra la Dona.<\/strong><\/h4>\n\n\n\n<h4 class=\"wp-block-heading\"><strong>El Servici d&#8217;Igualtat de la MITV s&#8217;encarrega d&#8217;assessorar i donar suport a regidories, servicis socials i associacions de dones dels municipis mancomunats.<\/strong><\/h4>\n\n\n\n<p>Como cada a\u00f1o, el pr\u00f3ximo 25 de noviembre se celebrar\u00e1 el D\u00eda Internacional de la Eliminaci\u00f3n de la Violencia contra la Mujer. Se trata de una fecha con la que se denuncia la violencia&nbsp;que se ejerce sobre las mujeres en todo el mundo, reclamando medidas y concienciaci\u00f3n para erradicar esta lacra en todas las sociedades del planeta.<\/p>\n\n\n\n<p>Con motivo de esta efem\u00e9ride, el Servicio de Igualdad de la Mancomunidad del Interior Tierra del Vino (MITV) ha dise\u00f1ado la campa\u00f1a <em>Unid@s en un mismo latido contra la violencia de g\u00e9nero<\/em> para&nbsp;los Ayuntamientos de Camporrobles, Caudete de las Fuentes, Fuenterrobles, Sinarcas, Utiel, Venta del Moro y Villargordo del Cabriel, en colaboraci\u00f3n con distintas concejal\u00edas, asociaciones y colectivos locales.<\/p>\n\n\n\n<p>Durante esta semana se llevar\u00e1n a cabo diferentes actos simb\u00f3licos y divulgativos en los municipios con los que trabaja el Servicio de Igualdad. Estas acciones se podr\u00e1n seguir a trav\u00e9s de las p\u00e1ginas web y redes sociales de cada ayuntamiento y consistir\u00e1n en la colocaci\u00f3n de pancartas (Fuenterrobles, Sinarcas y Venta del Moro), lazos morados (Camporrobles, Caudete de las Fuentes, Utiel y Villargordo del Cabriel) y distribuci\u00f3n de pegatinas (Camporrobles, Caudete de las Fuentes y Villargordo del Cabriel) y pins (colegios, institutos y asociaciones de Utiel). Adem\u00e1s, el municipio utielano ha organizado talleres de sensibilizaci\u00f3n y otros actos divulgativos que se pueden <a href=\"http:\/\/www.utiel.es\/es\/report\/arranca-utiel-programa-actos-del-dia-internacional-contra-violencia-genero\">consultar aqu\u00ed<\/a>.<\/p>\n\n\n\n<p>El Servicio de Igualdad de la MITV se encarga de asesorar y dar apoyo a concejal\u00edas, servicios sociales y asociaciones de mujeres de los municipios mancomunados. Adem\u00e1s de dise\u00f1ar y gestionar diferentes campa\u00f1as de visibilidad en su \u00e1mbito de actuaci\u00f3n.<\/p>\n\n\n\n<p>La violencia contra la mujer es una lacra que debemos erradicar entre todos. La MITV dispone de una Oficina de Atenci\u00f3n a las V\u00edctimas del Delito (O.A.V.D. \u2013 96 217 31 26. C\/ Garc\u00eda Berlanga, 60 de Utiel en horario de lunes a viernes de 9 a 14 horas) para ayudar a aquellas mujeres que sufran alg\u00fan tipo de violencia. En caso de urgencia, recordamos que el tel\u00e9fono <strong>016<\/strong> est\u00e1 operativo los 365 d\u00edas del a\u00f1o, 24 horas, y la llamada no deja rastro. En la Comunidad Valenciana, tambi\u00e9n est\u00e1 disponible el Centro Mujer 24 horas 900 580 888.<\/p>\n\n\n\n<p>En lo que llevamos de a\u00f1o, desde la O.A.V.D. se han atendido 177 nuevos expedientes, de los cuales un 53% son victimas de violencia de g\u00e9nero y dom\u00e9stica. Actualmente, entre los municipios mancomunados, existen 33 \u00f3rdenes de protecci\u00f3n en activo.&nbsp;<\/p>\n","protected":false},"excerpt":{"rendered":"<div class=\"mh-excerpt\">En commemoraci\u00f3 del pr\u00f2xim 25 de novembre, Dia Internacional de l&#8217;Eliminaci\u00f3 de la Viol\u00e8ncia contra la Dona. El Servici d&#8217;Igualtat de la MITV s&#8217;encarrega d&#8217;assessorar i donar suport a regidories, servicis socials i associacions de <a class=\"mh-excerpt-more\" href=\"https:\/\/www.tucomarca.com\/wordpress\/segunda\/ca\/igualdad-de-la-mancomunitat-terra-del-vi-promou-la-campanya-unids-en-un-mateix-batec-contra-la-violencia-de-genero\/\" title=\"Igualdad de la Mancomunitat  Terra del Vi promou la campanya &#8220;Unid@s en un mateix batec contra la viol\u00e8ncia de g\u00e9nero&#8221;\">[+] <\/a><\/div>\n","protected":false},"author":12,"featured_media":119950,"comment_status":"open","ping_status":"open","sticky":false,"template":"","format":"standard","meta":{"footnotes":""},"categories":[11031,11032,11055,10894,10909,10896,11058,11059,11060,11061],"tags":[7976,10387,10389],"class_list":{"0":"post-119951","1":"post","2":"type-post","3":"status-publish","4":"format-standard","5":"has-post-thumbnail","7":"category-camporrobles-ca","8":"category-caudete-ca","9":"category-fuenterrobles-ca","10":"category-la-comarca-ca","11":"category-requena-utiel-ca","12":"category-seccion-ca","13":"category-sinarcas-ca","14":"category-utiel-ca","15":"category-venta-del-moro-ca","16":"category-villargordo-del-cabriel-ca","17":"tag-mancomunidad-tierra-del-vino","18":"tag-requena-utiel","19":"tag-utiel"},"_links":{"self":[{"href":"https:\/\/www.tucomarca.com\/wordpress\/segunda\/ca\/wp-json\/wp\/v2\/posts\/119951","targetHints":{"allow":["GET"]}}],"collection":[{"href":"https:\/\/www.tucomarca.com\/wordpress\/segunda\/ca\/wp-json\/wp\/v2\/posts"}],"about":[{"href":"https:\/\/www.tucomarca.com\/wordpress\/segunda\/ca\/wp-json\/wp\/v2\/types\/post"}],"author":[{"embeddable":true,"href":"https:\/\/www.tucomarca.com\/wordpress\/segunda\/ca\/wp-json\/wp\/v2\/users\/12"}],"replies":[{"embeddable":true,"href":"https:\/\/www.tucomarca.com\/wordpress\/segunda\/ca\/wp-json\/wp\/v2\/comments?post=119951"}],"version-history":[{"count":0,"href":"https:\/\/www.tucomarca.com\/wordpress\/segunda\/ca\/wp-json\/wp\/v2\/posts\/119951\/revisions"}],"wp:featuredmedia":[{"embeddable":true,"href":"https:\/\/www.tucomarca.com\/wordpress\/segunda\/ca\/wp-json\/wp\/v2\/media\/119950"}],"wp:attachment":[{"href":"https:\/\/www.tucomarca.com\/wordpress\/segunda\/ca\/wp-json\/wp\/v2\/media?parent=119951"}],"wp:term":[{"taxonomy":"category","embeddable":true,"href":"https:\/\/www.tucomarca.com\/wordpress\/segunda\/ca\/wp-json\/wp\/v2\/categories?post=119951"},{"taxonomy":"post_tag","embeddable":true,"href":"https:\/\/www.tucomarca.com\/wordpress\/segunda\/ca\/wp-json\/wp\/v2\/tags?post=119951"}],"curies":[{"name":"wp","href":"https:\/\/api.w.org\/{rel}","templated":true}]}}