{"id":120018,"date":"2020-11-24T18:05:32","date_gmt":"2020-11-24T17:05:32","guid":{"rendered":"http:\/\/www.tucomarca.com\/wordpress\/segunda\/?p=120018"},"modified":"2020-11-24T18:49:23","modified_gmt":"2020-11-24T17:49:23","slug":"la-conselleria-dhabitatge-i-lajuntament-dalzira-analitzen-lestat-de-la-placa-de-la-ribera-i-les-possibles-obres-de-millora","status":"publish","type":"post","link":"https:\/\/www.tucomarca.com\/wordpress\/segunda\/ca\/la-conselleria-dhabitatge-i-lajuntament-dalzira-analitzen-lestat-de-la-placa-de-la-ribera-i-les-possibles-obres-de-millora\/","title":{"rendered":"La Conselleria d&#8217;Habitatge i l&#8217;Ajuntament d&#8217;Alzira analitzen l&#8217;estat de la pla\u00e7a de la Ribera i les possibles obres de millora"},"content":{"rendered":"\n<h4 class=\"wp-block-heading\"><strong>El director general d&#8217;EVha i la subdirectora d&#8217;Intervenci\u00f3 Social de l&#8217;entitat es reuneixen amb l&#8217;alcalde d&#8217;Alzira<\/strong><\/h4>\n\n\n\n<p>La Vicepresid\u00e8ncia Segona i Conselleria d&#8217;Habitatge i Arquitectura Bioclim\u00e0tica i l&#8217;Ajuntament d&#8217;Alzira han mantingut una trobada en qu\u00e8 s&#8217;ha analitzat l&#8217;estat del grup d&#8217;habitatge p\u00fablic pla\u00e7a de la Ribera i les possibles obres de millora d&#8217;elements comuns.&nbsp;<\/p>\n\n\n\n<p>El director general de l&#8217;Entitat Valenciana d&#8217;Habitatge i S\u00f2l (EVha), Alberto Aznar, la subdirectora d&#8217;Intervenci\u00f3 Social de l&#8217;entitat, Helena Ferrando, i l&#8217;alcalde de la localitat, Diego G\u00f3mez, han fet un rep\u00e0s als principals temes en mat\u00e8ria d&#8217;habitatge del municipi. El primer ha sigut el desenvolupament d&#8217;un pla d&#8217;actuaci\u00f3 de regeneraci\u00f3 global.&nbsp;<\/p>\n\n\n\n<p>Alberto Aznar ha explicat que la Generalitat est\u00e0 desenvolupant aquest tipus d&#8217;actuacions en diversos grups d&#8217;habitatge p\u00fablic de municipis com Sagunt, Massamagrell, Almorad\u00ed o la Vall d&#8217;Uix\u00f3, entre altres, sent el d&#8217;Alzira un dels plans m\u00e9s ambiciosos.&nbsp;<\/p>\n\n\n\n<p>Les actuacions previstes inclouran l&#8217;adequaci\u00f3 de portals i elements comuns, fa\u00e7anes i cobertes, aix\u00ed com de les instal\u00b7lacions dels subministraments. Els treballs tamb\u00e9 milloraran l&#8217;accessibilitat i l&#8217;enllumenat de la zona.&nbsp;<\/p>\n\n\n\n<p><strong>Habitatges reparats<\/strong><\/p>\n\n\n\n<p>Des de juliol de 2015, la Generalitat ha invertit un total de 435.000 euros en actuacions de millora i reparacions del parc p\u00fablic d&#8217;Alzira, dels quals 204.000 corresponen a reparaci\u00f3 d&#8217;habitatges recuperats, amb un total de huit habitatges reparats, una de les actuacions est\u00e0 actualment en execuci\u00f3 i uns altres huit habitatges en valoraci\u00f3 per a la pr\u00f2xima rehabilitaci\u00f3.&nbsp;<\/p>\n\n\n\n<p>A m\u00e9s, s&#8217;han invertit 110.000 euros en atenci\u00f3 de reclamacions en habitatges i elements comuns i 131.000 euros corresponen al PINN de la pla\u00e7a de la Ribera.&nbsp;<\/p>\n\n\n\n<p>Cal destacar que en els \u00faltims cinc anys la Conselleria ha adjudicat deu habitatges p\u00fablics, un a una fam\u00edlia que havia perdut sa casa a causa d&#8217;una execuci\u00f3 hipotec\u00e0ria. Aix\u00ed mateix, en l&#8217;actualitat es treballa en l&#8217;adjudicaci\u00f3 de huit habitatges i se n&#8217;ha oferit un altre a la Direcci\u00f3 General de la Dona.&nbsp;<\/p>\n\n\n\n<p>Un altre dels punts tractats en la reuni\u00f3 ha sigut els habitatges adquirits dins del concurs d&#8217;adquisici\u00f3 d&#8217;immobles en municipis de la Comunitat Valenciana per a la incorporaci\u00f3 al patrimoni p\u00fablic de la Generalitat. Fruit d&#8217;aquest es va resoldre la compra de huit habitatges a Alzira. El director general de l&#8217;EVha ha informat que l&#8217;objectiu de tots aquests habitatges \u00e9s el lloguer social, i seran assignats en coordinaci\u00f3 amb els serveis socials de l&#8217;Ajuntament.&nbsp;<\/p>\n\n\n\n<p>D&#8217;altra banda, tamb\u00e9 s&#8217;han valorat les situacions d&#8217;ocupacions irregulars que afecten diversos habitatges p\u00fablics situats al municipi, aix\u00ed com els procediments de legalitzaci\u00f3 que des de la Conselleria s&#8217;estan duent a terme.<\/p>\n","protected":false},"excerpt":{"rendered":"<div class=\"mh-excerpt\">El director general d&#8217;EVha i la subdirectora d&#8217;Intervenci\u00f3 Social de l&#8217;entitat es reuneixen amb l&#8217;alcalde d&#8217;Alzira La Vicepresid\u00e8ncia Segona i Conselleria d&#8217;Habitatge i Arquitectura Bioclim\u00e0tica i l&#8217;Ajuntament d&#8217;Alzira han mantingut una trobada en qu\u00e8 s&#8217;ha <a class=\"mh-excerpt-more\" href=\"https:\/\/www.tucomarca.com\/wordpress\/segunda\/ca\/la-conselleria-dhabitatge-i-lajuntament-dalzira-analitzen-lestat-de-la-placa-de-la-ribera-i-les-possibles-obres-de-millora\/\" title=\"La Conselleria d&#8217;Habitatge i l&#8217;Ajuntament d&#8217;Alzira analitzen l&#8217;estat de la pla\u00e7a de la Ribera i les possibles obres de millora\">[+] <\/a><\/div>\n","protected":false},"author":12,"featured_media":120067,"comment_status":"open","ping_status":"open","sticky":false,"template":"","format":"standard","meta":{"footnotes":""},"categories":[10889,10948,10894,10902,10947,10896],"tags":[10402,12233,10716],"class_list":{"0":"post-120018","1":"post","2":"type-post","3":"status-publish","4":"format-standard","5":"has-post-thumbnail","7":"category-alzira-cat","8":"category-infraestructuras-ca","9":"category-la-comarca-ca","10":"category-la-ribera-ca","11":"category-politica","12":"category-seccion-ca","13":"tag-alzira","14":"tag-conselleria-de-vivienda","15":"tag-generalitat-valenciana"},"_links":{"self":[{"href":"https:\/\/www.tucomarca.com\/wordpress\/segunda\/ca\/wp-json\/wp\/v2\/posts\/120018","targetHints":{"allow":["GET"]}}],"collection":[{"href":"https:\/\/www.tucomarca.com\/wordpress\/segunda\/ca\/wp-json\/wp\/v2\/posts"}],"about":[{"href":"https:\/\/www.tucomarca.com\/wordpress\/segunda\/ca\/wp-json\/wp\/v2\/types\/post"}],"author":[{"embeddable":true,"href":"https:\/\/www.tucomarca.com\/wordpress\/segunda\/ca\/wp-json\/wp\/v2\/users\/12"}],"replies":[{"embeddable":true,"href":"https:\/\/www.tucomarca.com\/wordpress\/segunda\/ca\/wp-json\/wp\/v2\/comments?post=120018"}],"version-history":[{"count":0,"href":"https:\/\/www.tucomarca.com\/wordpress\/segunda\/ca\/wp-json\/wp\/v2\/posts\/120018\/revisions"}],"wp:featuredmedia":[{"embeddable":true,"href":"https:\/\/www.tucomarca.com\/wordpress\/segunda\/ca\/wp-json\/wp\/v2\/media\/120067"}],"wp:attachment":[{"href":"https:\/\/www.tucomarca.com\/wordpress\/segunda\/ca\/wp-json\/wp\/v2\/media?parent=120018"}],"wp:term":[{"taxonomy":"category","embeddable":true,"href":"https:\/\/www.tucomarca.com\/wordpress\/segunda\/ca\/wp-json\/wp\/v2\/categories?post=120018"},{"taxonomy":"post_tag","embeddable":true,"href":"https:\/\/www.tucomarca.com\/wordpress\/segunda\/ca\/wp-json\/wp\/v2\/tags?post=120018"}],"curies":[{"name":"wp","href":"https:\/\/api.w.org\/{rel}","templated":true}]}}