{"id":120024,"date":"2020-11-24T08:00:19","date_gmt":"2020-11-24T07:00:19","guid":{"rendered":"http:\/\/www.tucomarca.com\/wordpress\/segunda\/?p=120024"},"modified":"2020-12-29T21:21:36","modified_gmt":"2020-12-29T20:21:36","slug":"en-marxa-la-13a-edicio-del-concurs-literari-amic-ficcions","status":"publish","type":"post","link":"https:\/\/www.tucomarca.com\/wordpress\/segunda\/ca\/en-marxa-la-13a-edicio-del-concurs-literari-amic-ficcions\/","title":{"rendered":"En marxa la 13a edici\u00f3 del concurs literari Amic-Ficcions"},"content":{"rendered":"\n<p><em>Des del passat 5 d\u2019octubre, els participants ja poden registrar-se a trav\u00e9s del web <\/em><em>www.ficcions.cat <\/em><em>i participar en la 13a edici\u00f3 d\u2019aquest concurs literari que el darrer curs va aplegar a m\u00e9s de 3.660 estudiants&nbsp;<\/em><\/p>\n\n\n\n<p><em>\u201cAMIC-Ficcions, l\u2019aventura de crear hist\u00f2ries\u201d <\/em>\u00e9s un concurs de creaci\u00f3 liter\u00e0ria per a joves que aquest curs arriba a la seva tretzena edici\u00f3. L\u2019any passat hi van participar m\u00e9s de 3.660 estudiants de segon cicle d\u2019ESO, Batxillerat i CFGM de Catalunya, Illes Balears i Pa\u00eds Valenci\u00e0. Des del 5 d\u2019octubre de 2020 i fins al 8 de febrer els estudiants que vulguin participar es poden registrar a trav\u00e9s del web www.ficcions.cat.&nbsp;<\/p>\n\n\n\n<p>A m\u00e9s, enguany el concurs renova la seva imatge amb un nou disseny i un nou logo. Si b\u00e9 mant\u00e9 l\u2019ess\u00e8ncia que acompanya el concurs any rere any, AMIC-Ficcions ha volgut mostrar un caire m\u00e9s juvenil i modern en la seva 13a edici\u00f3.&nbsp;<\/p>\n\n\n\n<p><strong>AMIC-Ficcions, L\u2019aventura de crear hist\u00f2ries&nbsp;<\/strong><\/p>\n\n\n\n<p>L\u2019objectiu del concurs \u00e9s impulsar la creaci\u00f3 liter\u00e0ria i el treball en equip dels estudiants de Secund\u00e0ria i Batxillerat amb inquietuds liter\u00e0ries i culturals. AMIC-Ficcions vol continuar creixent i consolidar-se com el concurs de creaci\u00f3 en llengua catalana de refer\u00e8ncia per als joves. M\u00e9s de 270 instituts hi van participar en la darrera edici\u00f3 i aquest curs ens proposem ser molts m\u00e9s gr\u00e0cies a la participaci\u00f3 de l\u2019alumnat i a la col\u00b7laboraci\u00f3 del professorat.&nbsp;<\/p>\n\n\n\n<p><strong>El funcionament&nbsp;<\/strong><\/p>\n\n\n\n<p>El concurs es desenvolupa a trav\u00e9s del web www.ficcions.cat, un punt de trobada on, a m\u00e9s de publicar-hi les seves hist\u00f2ries, els participants podran trobar-hi not\u00edcies, entrevistes i enlla\u00e7os d\u2019inter\u00e8s. Ficcions proposa cinc inicis extrets de les seg\u00fcents obres publicades<em>: El secret del Bosc Vell <\/em>de Dino Buzzati, <em>Uns quants dies de novembre <\/em>de Jordi Sierra i Fabra, <em>La Faula <\/em>de Guillem de Torroella, <em>L\u2019assass\u00ed que estimava els llibres <\/em>de Mart\u00ed Dom\u00ednguez i <em>Sobre la terra impura <\/em>de Melcior Comes. A partir d\u2019aquests fragments, l\u2019alumnat ha de crear una hist\u00f2ria de tres cap\u00edtols. La participaci\u00f3 pot ser individual o en grup de fins a tres persones.&nbsp;<\/p>\n\n\n\n<p><strong>El jurat i els premis&nbsp;<\/strong><\/p>\n\n\n\n<p>La pujada del primer cap\u00edtol comen\u00e7ar\u00e0 l\u201911 de gener de 2021 i el concurs s\u2019acabar\u00e0 el 29 de mar\u00e7, data l\u00edmit per entregar el tercer cap\u00edtol. El jurat, format per persones vinculades al m\u00f3n de la literatura i l\u2019educaci\u00f3, valorar\u00e0 la qualitat i l\u2019originalitat de les hist\u00f2ries. El veredicte es far\u00e0 p\u00fablic en diferents actes de cloenda territorials al llarg del mes de maig, on els finalistes i el professorat hi seran convidats.&nbsp;<\/p>\n\n\n\n<p>L\u2019organitzaci\u00f3 del concurs premiar\u00e0 les millors hist\u00f2ries de cada territori. Els premis de l\u2019edici\u00f3 d\u2019enguany s\u00f3n: iPhone, PlayStation, iPad, Smartphone i auriculars sense fils. Tamb\u00e9 es premiaran als professors\/es m\u00e9s motivadors\/es de cada territori amb una estada de 2 dies per a 2 persones amb sopars i\/o esmorzars inclosos.&nbsp;<\/p>\n\n\n\n<p><strong>Organitza AMIC, <\/strong><em>comprom\u00eds amb l\u2019educaci\u00f3&nbsp;<\/em><\/p>\n\n\n\n<p>L\u2019AMIC, Associaci\u00f3 de Mitjans d\u2019Informaci\u00f3 i Comunicaci\u00f3, representa a m\u00e9s de quatre- centes publicacions en paper i digitals fortament arrelades arreu del territori, que conjuntament arriben a una tirada en premsa escrita en paper de m\u00e9s d\u20191.000.000 exemplars, mentre que en digital superen els 12.450.000 d\u2019usuaris \u00fanics mensuals.&nbsp;<\/p>\n\n\n\n<p>L\u2019Associaci\u00f3 vol donar continu\u00eftat i potenciar aquesta iniciativa a la xarxa que compta amb un gran \u00e8xit de participaci\u00f3 dels joves i que t\u00e9 la voluntat de promoure la creaci\u00f3 liter\u00e0ria, perqu\u00e8 forma part del seu comprom\u00eds amb l\u2019educaci\u00f3, la joventut i la creaci\u00f3.&nbsp;<\/p>\n\n\n\n<p><strong>Per a m\u00e9s informaci\u00f3&nbsp;<\/strong><\/p>\n\n\n\n<p>Web del concurs: www.ficcions.cat<br>\nEmail: ficcions@amic.media \u2013 Tel\u00e8fon: 934 527 371&nbsp;<br><\/p>\n","protected":false},"excerpt":{"rendered":"<div class=\"mh-excerpt\">Des del passat 5 d\u2019octubre, els participants ja poden registrar-se a trav\u00e9s del web www.ficcions.cat i participar en la 13a edici\u00f3 d\u2019aquest concurs literari que el darrer curs va aplegar a m\u00e9s de 3.660 estudiants&nbsp; <a class=\"mh-excerpt-more\" href=\"https:\/\/www.tucomarca.com\/wordpress\/segunda\/ca\/en-marxa-la-13a-edicio-del-concurs-literari-amic-ficcions\/\" title=\"En marxa la 13a edici\u00f3 del concurs literari Amic-Ficcions\">[+] <\/a><\/div>\n","protected":false},"author":12,"featured_media":120025,"comment_status":"open","ping_status":"open","sticky":false,"template":"","format":"standard","meta":{"footnotes":""},"categories":[10904,11007,10896],"tags":[13091,13094,13093],"class_list":{"0":"post-120024","1":"post","2":"type-post","3":"status-publish","4":"format-standard","5":"has-post-thumbnail","7":"category-sin-categorizar-ca","8":"category-ocio-y-cultura-ca","9":"category-seccion-ca","10":"tag-amic-ficcions","11":"tag-concurs-literari","12":"tag-concurso-literario"},"_links":{"self":[{"href":"https:\/\/www.tucomarca.com\/wordpress\/segunda\/ca\/wp-json\/wp\/v2\/posts\/120024","targetHints":{"allow":["GET"]}}],"collection":[{"href":"https:\/\/www.tucomarca.com\/wordpress\/segunda\/ca\/wp-json\/wp\/v2\/posts"}],"about":[{"href":"https:\/\/www.tucomarca.com\/wordpress\/segunda\/ca\/wp-json\/wp\/v2\/types\/post"}],"author":[{"embeddable":true,"href":"https:\/\/www.tucomarca.com\/wordpress\/segunda\/ca\/wp-json\/wp\/v2\/users\/12"}],"replies":[{"embeddable":true,"href":"https:\/\/www.tucomarca.com\/wordpress\/segunda\/ca\/wp-json\/wp\/v2\/comments?post=120024"}],"version-history":[{"count":0,"href":"https:\/\/www.tucomarca.com\/wordpress\/segunda\/ca\/wp-json\/wp\/v2\/posts\/120024\/revisions"}],"wp:featuredmedia":[{"embeddable":true,"href":"https:\/\/www.tucomarca.com\/wordpress\/segunda\/ca\/wp-json\/wp\/v2\/media\/120025"}],"wp:attachment":[{"href":"https:\/\/www.tucomarca.com\/wordpress\/segunda\/ca\/wp-json\/wp\/v2\/media?parent=120024"}],"wp:term":[{"taxonomy":"category","embeddable":true,"href":"https:\/\/www.tucomarca.com\/wordpress\/segunda\/ca\/wp-json\/wp\/v2\/categories?post=120024"},{"taxonomy":"post_tag","embeddable":true,"href":"https:\/\/www.tucomarca.com\/wordpress\/segunda\/ca\/wp-json\/wp\/v2\/tags?post=120024"}],"curies":[{"name":"wp","href":"https:\/\/api.w.org\/{rel}","templated":true}]}}