{"id":120080,"date":"2020-11-24T22:55:53","date_gmt":"2020-11-24T21:55:53","guid":{"rendered":"http:\/\/www.tucomarca.com\/wordpress\/segunda\/?p=120080"},"modified":"2020-11-25T10:38:05","modified_gmt":"2020-11-25T09:38:05","slug":"la-unio-de-llauradors-denuncia-que-el-pacte-verd-de-la-comissio-europea-tindra-consequencies-molt-negatives-per-al-camp-valencia","status":"publish","type":"post","link":"https:\/\/www.tucomarca.com\/wordpress\/segunda\/ca\/la-unio-de-llauradors-denuncia-que-el-pacte-verd-de-la-comissio-europea-tindra-consequencies-molt-negatives-per-al-camp-valencia\/","title":{"rendered":"La Uni\u00f3 de Llauradors denuncia que el Pacte Verd de la Comissi\u00f3 Europea tindr\u00e0 conseq\u00fc\u00e8ncies molt negatives per al camp valenci\u00e0"},"content":{"rendered":"\n<h4 class=\"wp-block-heading\">&#8220;Som el model agrari m\u00e9s sostenible i \u00e8tic del m\u00f3n i a pesar d&#8217;aix\u00f2 ens volen sobrecarregar amb noves exigencias&#8221;, indica Carles Peris<\/h4>\n\n\n\n<p>La Uni\u00f3 de Llauradors i Ramaders, despr\u00e9s d&#8217;analitzar l&#8217;estudi d&#8217;impacte de les estrat\u00e8gies europees de la Granja a la Mesa i Biodiversitat, emmarcades en el Pacte Verd, realitzat pel Departament d&#8217;Agricultura dels Estats Units (USDA), alerta de les negatives conseq\u00fc\u00e8ncies que pot tenir l&#8217;aplicaci\u00f3 d&#8217;aquests plans per als productors i consumidors de la Comunitat Valenciana.<\/p>\n\n\n\n<p>Retreu l&#8217;organitzaci\u00f3 a les autoritats europees que haja estat el Departament Agrari de Estats Units el que publique el primer estudi d&#8217;impacte de les estrat\u00e8gies europees, que des d&#8217;un primer instant haurien d&#8217;haver anat acompanyada d&#8217;estudis t\u00e8cnics de la Comissi\u00f3 que avalaren la idone\u00eftat i viabilitat dels objectius proposats.<\/p>\n\n\n\n<p>La Uni\u00f3 critica que, tot i la manca d&#8217;aquests estudis, tota la pol\u00edtica agr\u00e0ria ha comen\u00e7at ja a girar al voltant d&#8217;aix\u00f2. Aix\u00ed, la Comissi\u00f3 Europea t\u00e9 previst fer recomanacions als Estats membres abans d&#8217;acabar l&#8217;any perqu\u00e8 adapten els plans estrat\u00e8gics de la PAC a aquests plantejaments que inclouen, entre d&#8217;altres, una reducci\u00f3 de plaguicides i antimicrobians de el 50% i de fertilitzants de l&#8217;20 %, aix\u00ed com dedicar almenys un 10% de la superf\u00edcie agr\u00e0ria a elements paisatg\u00edstics. Informa, <strong>Luis Ib\u00e1\u00f1ez.<\/strong><\/p>\n","protected":false},"excerpt":{"rendered":"<div class=\"mh-excerpt\">&#8220;Som el model agrari m\u00e9s sostenible i \u00e8tic del m\u00f3n i a pesar d&#8217;aix\u00f2 ens volen sobrecarregar amb noves exigencias&#8221;, indica Carles Peris La Uni\u00f3 de Llauradors i Ramaders, despr\u00e9s d&#8217;analitzar l&#8217;estudi d&#8217;impacte de les <a class=\"mh-excerpt-more\" href=\"https:\/\/www.tucomarca.com\/wordpress\/segunda\/ca\/la-unio-de-llauradors-denuncia-que-el-pacte-verd-de-la-comissio-europea-tindra-consequencies-molt-negatives-per-al-camp-valencia\/\" title=\"La Uni\u00f3 de Llauradors denuncia que el Pacte Verd de la Comissi\u00f3 Europea tindr\u00e0 conseq\u00fc\u00e8ncies molt negatives per al camp valenci\u00e0\">[+] <\/a><\/div>\n","protected":false},"author":12,"featured_media":120079,"comment_status":"open","ping_status":"open","sticky":false,"template":"","format":"standard","meta":{"footnotes":""},"categories":[10890,10905,10892,11046,10963,10894,10904,10902,10896],"tags":[11926,13097],"class_list":{"0":"post-120080","1":"post","2":"type-post","3":"status-publish","4":"format-standard","5":"has-post-thumbnail","7":"category-ademus","8":"category-agricultura-la-comarca-ca","9":"category-camp-de-turia-ca","10":"category-los-serranos-ca","11":"category-la-canal-de-navarres-ca","12":"category-la-comarca-ca","13":"category-sin-categorizar-ca","14":"category-la-ribera-ca","15":"category-seccion-ca","16":"tag-la-unio-de-llauradors","17":"tag-pacto-verde"},"_links":{"self":[{"href":"https:\/\/www.tucomarca.com\/wordpress\/segunda\/ca\/wp-json\/wp\/v2\/posts\/120080","targetHints":{"allow":["GET"]}}],"collection":[{"href":"https:\/\/www.tucomarca.com\/wordpress\/segunda\/ca\/wp-json\/wp\/v2\/posts"}],"about":[{"href":"https:\/\/www.tucomarca.com\/wordpress\/segunda\/ca\/wp-json\/wp\/v2\/types\/post"}],"author":[{"embeddable":true,"href":"https:\/\/www.tucomarca.com\/wordpress\/segunda\/ca\/wp-json\/wp\/v2\/users\/12"}],"replies":[{"embeddable":true,"href":"https:\/\/www.tucomarca.com\/wordpress\/segunda\/ca\/wp-json\/wp\/v2\/comments?post=120080"}],"version-history":[{"count":0,"href":"https:\/\/www.tucomarca.com\/wordpress\/segunda\/ca\/wp-json\/wp\/v2\/posts\/120080\/revisions"}],"wp:featuredmedia":[{"embeddable":true,"href":"https:\/\/www.tucomarca.com\/wordpress\/segunda\/ca\/wp-json\/wp\/v2\/media\/120079"}],"wp:attachment":[{"href":"https:\/\/www.tucomarca.com\/wordpress\/segunda\/ca\/wp-json\/wp\/v2\/media?parent=120080"}],"wp:term":[{"taxonomy":"category","embeddable":true,"href":"https:\/\/www.tucomarca.com\/wordpress\/segunda\/ca\/wp-json\/wp\/v2\/categories?post=120080"},{"taxonomy":"post_tag","embeddable":true,"href":"https:\/\/www.tucomarca.com\/wordpress\/segunda\/ca\/wp-json\/wp\/v2\/tags?post=120080"}],"curies":[{"name":"wp","href":"https:\/\/api.w.org\/{rel}","templated":true}]}}