{"id":120094,"date":"2020-11-24T23:05:19","date_gmt":"2020-11-24T22:05:19","guid":{"rendered":"http:\/\/www.tucomarca.com\/wordpress\/segunda\/?p=120094"},"modified":"2020-11-25T10:32:07","modified_gmt":"2020-11-25T09:32:07","slug":"actes-vandalics-en-la-pista-datletisme-dutiel","status":"publish","type":"post","link":"https:\/\/www.tucomarca.com\/wordpress\/segunda\/ca\/actes-vandalics-en-la-pista-datletisme-dutiel\/","title":{"rendered":"Actes vand\u00e0lics en la Pista d&#8217;Atletisme d&#8217;Utiel"},"content":{"rendered":"\n<p>L&#8217;Ajuntament d&#8217;Utiel condemna els actes vand\u00e0lics succe\u00efts el passat cap de setmana a les instal\u00b7lacions de la pista d&#8217;atletisme d&#8217;Utiel. En concret els v\u00e0ndals van tallar part de la tanca per accedir a l&#8217;interior de la pista, trencant la tela met\u00e0l\u00b7lica que estableix el per\u00edmetre de les instal\u00b7lacions. Uns desperfectes que han de solucionar amb fons municipals, \u00e9s a dir, amb els impostos de tots els utielans\/es pel comportament inc\u00edvic d&#8217;uns pocs. <\/p>\n\n\n\n<p>L&#8217;Ajuntament d&#8217;Utiel recorda que nom\u00e9s est\u00e0 perm\u00e8s l&#8217;acc\u00e9s a la pista d&#8217;atletisme quan la instal\u00b7laci\u00f3 estiga oberta per a la pr\u00e0ctica esportiva i per tant, es sancionar\u00e0 a tota persona que accedisca al recinte incomplint la normativa.<\/p>\n\n\n\n<p>A causa de les reiterades agressions a b\u00e9ns p\u00fablics d&#8217;instal\u00b7lacions esportives, el consistori utielano adoptar\u00e0 les mesures oportunes per controlar aquest tipus de conductes inc\u00edviques.<\/p>\n","protected":false},"excerpt":{"rendered":"<div class=\"mh-excerpt\">L&#8217;Ajuntament d&#8217;Utiel condemna els actes vand\u00e0lics succe\u00efts el passat cap de setmana a les instal\u00b7lacions de la pista d&#8217;atletisme d&#8217;Utiel. En concret els v\u00e0ndals van tallar part de la tanca per accedir a l&#8217;interior de <a class=\"mh-excerpt-more\" href=\"https:\/\/www.tucomarca.com\/wordpress\/segunda\/ca\/actes-vandalics-en-la-pista-datletisme-dutiel\/\" title=\"Actes vand\u00e0lics en la Pista d&#8217;Atletisme d&#8217;Utiel\">[+] <\/a><\/div>\n","protected":false},"author":12,"featured_media":120092,"comment_status":"open","ping_status":"open","sticky":false,"template":"","format":"standard","meta":{"footnotes":""},"categories":[10894,10909,10896,10897,11059],"tags":[10389,1987],"class_list":{"0":"post-120094","1":"post","2":"type-post","3":"status-publish","4":"format-standard","5":"has-post-thumbnail","7":"category-la-comarca-ca","8":"category-requena-utiel-ca","9":"category-seccion-ca","10":"category-sucesos-la-comarca-ca","11":"category-utiel-ca","12":"tag-utiel","13":"tag-utiel-requena"},"_links":{"self":[{"href":"https:\/\/www.tucomarca.com\/wordpress\/segunda\/ca\/wp-json\/wp\/v2\/posts\/120094","targetHints":{"allow":["GET"]}}],"collection":[{"href":"https:\/\/www.tucomarca.com\/wordpress\/segunda\/ca\/wp-json\/wp\/v2\/posts"}],"about":[{"href":"https:\/\/www.tucomarca.com\/wordpress\/segunda\/ca\/wp-json\/wp\/v2\/types\/post"}],"author":[{"embeddable":true,"href":"https:\/\/www.tucomarca.com\/wordpress\/segunda\/ca\/wp-json\/wp\/v2\/users\/12"}],"replies":[{"embeddable":true,"href":"https:\/\/www.tucomarca.com\/wordpress\/segunda\/ca\/wp-json\/wp\/v2\/comments?post=120094"}],"version-history":[{"count":0,"href":"https:\/\/www.tucomarca.com\/wordpress\/segunda\/ca\/wp-json\/wp\/v2\/posts\/120094\/revisions"}],"wp:featuredmedia":[{"embeddable":true,"href":"https:\/\/www.tucomarca.com\/wordpress\/segunda\/ca\/wp-json\/wp\/v2\/media\/120092"}],"wp:attachment":[{"href":"https:\/\/www.tucomarca.com\/wordpress\/segunda\/ca\/wp-json\/wp\/v2\/media?parent=120094"}],"wp:term":[{"taxonomy":"category","embeddable":true,"href":"https:\/\/www.tucomarca.com\/wordpress\/segunda\/ca\/wp-json\/wp\/v2\/categories?post=120094"},{"taxonomy":"post_tag","embeddable":true,"href":"https:\/\/www.tucomarca.com\/wordpress\/segunda\/ca\/wp-json\/wp\/v2\/tags?post=120094"}],"curies":[{"name":"wp","href":"https:\/\/api.w.org\/{rel}","templated":true}]}}