{"id":120104,"date":"2020-11-25T08:30:26","date_gmt":"2020-11-25T07:30:26","guid":{"rendered":"http:\/\/www.tucomarca.com\/wordpress\/segunda\/?p=120104"},"modified":"2020-11-25T10:51:29","modified_gmt":"2020-11-25T09:51:29","slug":"la-policia-local-alca-21-actes-per-incompliment-de-les-mesures-covid-durant-el-passat-cap-de-setmana","status":"publish","type":"post","link":"https:\/\/www.tucomarca.com\/wordpress\/segunda\/ca\/la-policia-local-alca-21-actes-per-incompliment-de-les-mesures-covid-durant-el-passat-cap-de-setmana\/","title":{"rendered":"La Policia Local al\u00e7a 21 actes per incompliment de les mesures Covid durant el passat cap de setmana"},"content":{"rendered":"\n<h4 class=\"wp-block-heading\"><strong>19 d&#8217;elles van ser per saltar-se el toc de queda, una a un restaurant per albergar una reuni\u00f3 que incomplia les normes i una altra per conducci\u00f3 de vehicle baix els efectes de drogues.<\/strong><\/h4>\n\n\n\n<p>El passat cap de setmana, del 20 al 22 de novembre, la Policia Local de l&#8217;Eliana va al\u00e7ar un total de 21 actes per incompliment de la normativa vigent relativa a la pand\u00e8mia de Covid-19. El cos policial ha detectat que part de la poblaci\u00f3 ha relaxat el compliment de les mesures i, per aquest motiu, ha refor\u00e7at el nombre d&#8217;efectius de servei respecte als habituals en qualsevol altre cap de setmana per a intensificar la vigil\u00e0ncia.<\/p>\n\n\n\n<p>De les 21 actes, 19 van ser per saltar-se el toc de queda establit a les 12 de la nit. 16 d&#8217;aquests infractors tenien una edat compresa entre els 18 i 37 anys, mentre els altres 3 eren menors de 13, 15 i 16 anys.<\/p>\n\n\n\n<p>Una altra acta va ser al\u00e7ada contra un restaurant situat en l&#8217;Avinguda de les Corts Valencianes per albergar en el seu interior, fins i tot estant ja tancat al p\u00fablic, una reuni\u00f3 de 12 persones en la barra, sense fer \u00fas de mascaretes ni guardar la dist\u00e0ncia de seguretat interpersonal.<\/p>\n\n\n\n<p>L&#8217;\u00faltima de les actes va ser interposada contra el conductor d&#8217;un vehicle baix la influ\u00e8ncia de drogues t\u00f2xiques, a m\u00e9s de circular despr\u00e9s del toc de queda.<\/p>\n\n\n\n<p>El regidor de Seguretat Ciutadana, Vicente Zamora, ha expressat la seua preocupaci\u00f3 per l&#8217;augment d&#8217;aquesta mena d&#8217;infraccions en el municipi i torna a apel\u00b7lar a la responsabilitat individual de la ciutadania per a evitar aquestes situacions que posen en risc la salut p\u00fablica, afegint que la Policia Local continuar\u00e0 actuant per a vetlar pel compliment de les normes.<\/p>\n","protected":false},"excerpt":{"rendered":"<div class=\"mh-excerpt\">19 d&#8217;elles van ser per saltar-se el toc de queda, una a un restaurant per albergar una reuni\u00f3 que incomplia les normes i una altra per conducci\u00f3 de vehicle baix els efectes de drogues. El <a class=\"mh-excerpt-more\" href=\"https:\/\/www.tucomarca.com\/wordpress\/segunda\/ca\/la-policia-local-alca-21-actes-per-incompliment-de-les-mesures-covid-durant-el-passat-cap-de-setmana\/\" title=\"La Policia Local al\u00e7a 21 actes per incompliment de les mesures Covid durant el passat cap de setmana\">[+] <\/a><\/div>\n","protected":false},"author":12,"featured_media":120103,"comment_status":"open","ping_status":"open","sticky":false,"template":"","format":"standard","meta":{"footnotes":""},"categories":[10892,11010,12202,10894,10893,10896,10897],"tags":[10395,11937,11938,10433],"class_list":{"0":"post-120104","1":"post","2":"type-post","3":"status-publish","4":"format-standard","5":"has-post-thumbnail","7":"category-camp-de-turia-ca","8":"category-canal-salud","9":"category-covid-19-ca","10":"category-la-comarca-ca","11":"category-leliana-ca","12":"category-seccion-ca","13":"category-sucesos-la-comarca-ca","14":"tag-camp-de-turia","15":"tag-coronavirus","16":"tag-covid-19","17":"tag-leliana"},"_links":{"self":[{"href":"https:\/\/www.tucomarca.com\/wordpress\/segunda\/ca\/wp-json\/wp\/v2\/posts\/120104","targetHints":{"allow":["GET"]}}],"collection":[{"href":"https:\/\/www.tucomarca.com\/wordpress\/segunda\/ca\/wp-json\/wp\/v2\/posts"}],"about":[{"href":"https:\/\/www.tucomarca.com\/wordpress\/segunda\/ca\/wp-json\/wp\/v2\/types\/post"}],"author":[{"embeddable":true,"href":"https:\/\/www.tucomarca.com\/wordpress\/segunda\/ca\/wp-json\/wp\/v2\/users\/12"}],"replies":[{"embeddable":true,"href":"https:\/\/www.tucomarca.com\/wordpress\/segunda\/ca\/wp-json\/wp\/v2\/comments?post=120104"}],"version-history":[{"count":0,"href":"https:\/\/www.tucomarca.com\/wordpress\/segunda\/ca\/wp-json\/wp\/v2\/posts\/120104\/revisions"}],"wp:featuredmedia":[{"embeddable":true,"href":"https:\/\/www.tucomarca.com\/wordpress\/segunda\/ca\/wp-json\/wp\/v2\/media\/120103"}],"wp:attachment":[{"href":"https:\/\/www.tucomarca.com\/wordpress\/segunda\/ca\/wp-json\/wp\/v2\/media?parent=120104"}],"wp:term":[{"taxonomy":"category","embeddable":true,"href":"https:\/\/www.tucomarca.com\/wordpress\/segunda\/ca\/wp-json\/wp\/v2\/categories?post=120104"},{"taxonomy":"post_tag","embeddable":true,"href":"https:\/\/www.tucomarca.com\/wordpress\/segunda\/ca\/wp-json\/wp\/v2\/tags?post=120104"}],"curies":[{"name":"wp","href":"https:\/\/api.w.org\/{rel}","templated":true}]}}