{"id":120112,"date":"2020-11-25T23:59:28","date_gmt":"2020-11-25T22:59:28","guid":{"rendered":"http:\/\/www.tucomarca.com\/wordpress\/segunda\/?p=120112"},"modified":"2020-11-26T14:51:42","modified_gmt":"2020-11-26T13:51:42","slug":"comencen-els-treballs-en-la-zona-urbana-del-barranc-de-teulada-a-vilamarxant-que-el-connectara-amb-el-riu-turia-gracies-a-un-corredor-verd","status":"publish","type":"post","link":"https:\/\/www.tucomarca.com\/wordpress\/segunda\/ca\/comencen-els-treballs-en-la-zona-urbana-del-barranc-de-teulada-a-vilamarxant-que-el-connectara-amb-el-riu-turia-gracies-a-un-corredor-verd\/","title":{"rendered":"Comencen els treballs en la zona urbana del Barranc de Teulada a Vilamarxant que el connectar\u00e0 amb el riu T\u00faria gr\u00e0cies a un corredor verd"},"content":{"rendered":"\n<p>Ja han comen\u00e7at els treballs de condicionament del Barranc de Teulada, al seu pas per la zona urbana, que s&#8217;emmarca dins d&#8217;un ambici\u00f3s projecte que el connectar\u00e0 amb el riu T\u00faria a trav\u00e9s d&#8217;un corredor verd. L&#8217;alcalde de Vilamarxant, H\u00e9ctor Troyano, ha supervisat el comen\u00e7ament d&#8217;estos treballs que acabaran per oferir un corredor verd als ve\u00efns i visitants.<\/p>\n\n\n\n<p>En esta primera fase del projecte, s&#8217;est\u00e0 procedint al desbrossament i manteniment de la zona urbana del barranc al seu pas pel terme urb\u00e0 de la poblaci\u00f3 aix\u00ed com a la lluita contra la canya invasora amb la instal\u00b7laci\u00f3 d&#8217;una malla geot\u00e8xtil, que evitar\u00e0 que la canya torne a apar\u00e9ixer ja que es matar\u00e0 l&#8217;arrel d&#8217;esta.<\/p>\n\n\n\n<p>H\u00e9ctor Troyano, alcalde del municipi del Camp de T\u00faria, ha assegurat que estos treballs permetran \u201cfer una neteja exhaustiva del Barranc de Teulada al seu pas pel nostre poble\u201d.&nbsp;<\/p>\n\n\n\n<p>\u201cEstem ansiosos per desenvolupar el projecte del corredor verd que connecte el Barranc de Teulada amb el riu T\u00faria i que ser\u00e0 una infraestructura que permetr\u00e0 disfrutar amb total seguretat d&#8217;un lloc emblem\u00e0tic de la comarca del Camp de T\u00faria\u201d, ha afegit Troyano.<\/p>\n","protected":false},"excerpt":{"rendered":"<div class=\"mh-excerpt\">Ja han comen\u00e7at els treballs de condicionament del Barranc de Teulada, al seu pas per la zona urbana, que s&#8217;emmarca dins d&#8217;un ambici\u00f3s projecte que el connectar\u00e0 amb el riu T\u00faria a trav\u00e9s d&#8217;un corredor <a class=\"mh-excerpt-more\" href=\"https:\/\/www.tucomarca.com\/wordpress\/segunda\/ca\/comencen-els-treballs-en-la-zona-urbana-del-barranc-de-teulada-a-vilamarxant-que-el-connectara-amb-el-riu-turia-gracies-a-un-corredor-verd\/\" title=\"Comencen els treballs en la zona urbana del Barranc de Teulada a Vilamarxant que el connectar\u00e0 amb el riu T\u00faria gr\u00e0cies a un corredor verd\">[+] <\/a><\/div>\n","protected":false},"author":12,"featured_media":120111,"comment_status":"open","ping_status":"open","sticky":false,"template":"","format":"standard","meta":{"footnotes":""},"categories":[10892,10948,10894,10903,10947,10896,10927],"tags":[10395,13099,4673,10439],"class_list":{"0":"post-120112","1":"post","2":"type-post","3":"status-publish","4":"format-standard","5":"has-post-thumbnail","7":"category-camp-de-turia-ca","8":"category-infraestructuras-ca","9":"category-la-comarca-ca","10":"category-medio-ambiente-la-comarca-ca","11":"category-politica","12":"category-seccion-ca","13":"category-vilamarxant-ca","14":"tag-camp-de-turia","15":"tag-corredor-verde","16":"tag-rio-turia","17":"tag-vilamarxant"},"_links":{"self":[{"href":"https:\/\/www.tucomarca.com\/wordpress\/segunda\/ca\/wp-json\/wp\/v2\/posts\/120112","targetHints":{"allow":["GET"]}}],"collection":[{"href":"https:\/\/www.tucomarca.com\/wordpress\/segunda\/ca\/wp-json\/wp\/v2\/posts"}],"about":[{"href":"https:\/\/www.tucomarca.com\/wordpress\/segunda\/ca\/wp-json\/wp\/v2\/types\/post"}],"author":[{"embeddable":true,"href":"https:\/\/www.tucomarca.com\/wordpress\/segunda\/ca\/wp-json\/wp\/v2\/users\/12"}],"replies":[{"embeddable":true,"href":"https:\/\/www.tucomarca.com\/wordpress\/segunda\/ca\/wp-json\/wp\/v2\/comments?post=120112"}],"version-history":[{"count":0,"href":"https:\/\/www.tucomarca.com\/wordpress\/segunda\/ca\/wp-json\/wp\/v2\/posts\/120112\/revisions"}],"wp:featuredmedia":[{"embeddable":true,"href":"https:\/\/www.tucomarca.com\/wordpress\/segunda\/ca\/wp-json\/wp\/v2\/media\/120111"}],"wp:attachment":[{"href":"https:\/\/www.tucomarca.com\/wordpress\/segunda\/ca\/wp-json\/wp\/v2\/media?parent=120112"}],"wp:term":[{"taxonomy":"category","embeddable":true,"href":"https:\/\/www.tucomarca.com\/wordpress\/segunda\/ca\/wp-json\/wp\/v2\/categories?post=120112"},{"taxonomy":"post_tag","embeddable":true,"href":"https:\/\/www.tucomarca.com\/wordpress\/segunda\/ca\/wp-json\/wp\/v2\/tags?post=120112"}],"curies":[{"name":"wp","href":"https:\/\/api.w.org\/{rel}","templated":true}]}}