{"id":120119,"date":"2020-11-24T22:10:35","date_gmt":"2020-11-24T21:10:35","guid":{"rendered":"http:\/\/www.tucomarca.com\/wordpress\/segunda\/?p=120119"},"modified":"2020-11-25T10:53:36","modified_gmt":"2020-11-25T09:53:36","slug":"lajuntament-de-vilamarxant-destina-un-total-de-88-70392-euros-en-les-ajudes-al-comerc-i-professionals-del-municipi-per-a-palliar-els-efectes-de-la-covid-19","status":"publish","type":"post","link":"https:\/\/www.tucomarca.com\/wordpress\/segunda\/ca\/lajuntament-de-vilamarxant-destina-un-total-de-88-70392-euros-en-les-ajudes-al-comerc-i-professionals-del-municipi-per-a-palliar-els-efectes-de-la-covid-19\/","title":{"rendered":"L\u2019Ajuntament de Vilamarxant destina un total de 88.703,92 euros en les ajudes al comer\u00e7 i professionals del municipi per a pal\u00b7liar els efectes de la COVID-19"},"content":{"rendered":"\n<p>Un total de 81 negocis de Vilamarxant han sigut els beneficiaris de les ajudes al comer\u00e7 i professionals de l&#8217;Ajuntament per a pal\u00b7liar els efectes de la pand\u00e8mia provocada per la COVID-19. Divendres passat, 20 de novembre, es va fer p\u00fablica la llista amb els negocis que es beneficiaran d&#8217;estes ajudes en les quals la Regidoria de Promoci\u00f3 Econ\u00f2mica, dirigida per V\u00edctor Sanchis, ha invertit 88.703,92 euros.<\/p>\n\n\n\n<p>Esta \u00e9s la primera ocasi\u00f3 en la qual es destina una subvenci\u00f3 d&#8217;estes caracter\u00edstiques i calat als comer\u00e7os de Vilamarxant i que permetr\u00e0 frenar les conseq\u00fc\u00e8ncies derivades de la crisi sanit\u00e0ria que est\u00e0 vivint la societat.<\/p>\n\n\n\n<p>Els comer\u00e7os beneficiats, que rebran de manera immediata les ajudes concedides, podran presentar les factures justificatives de les despeses dedu\u00efbles en les bases fins a aconseguir l&#8217;import de 1.000 euros abans del 16 de desembre del present any.<\/p>\n\n\n\n<p>V\u00edctor Sanchis, regidor de Promoci\u00f3 Econ\u00f2mica de Vilamarxant, ha valorat positivament el treball realitzat i que s&#8217;ha materialitzat en la creaci\u00f3 d&#8217;estes subvencions per primera vegada en la hist\u00f2ria de l&#8217;administraci\u00f3 local.<\/p>\n\n\n\n<p>\u201cEstem molt contents d&#8217;haver fet efectives estes ajudes en un breu espai de temps per a ajudar als negocis de la localitat que m\u00e9s ho necessiten. Sabem el moment que estan passant i volem posar el nostre granet d&#8217;arena per a fer que seguisquen amb la seua activitat al nostre poble\u201d, ha explicat Sanchis.<\/p>\n","protected":false},"excerpt":{"rendered":"<div class=\"mh-excerpt\">Un total de 81 negocis de Vilamarxant han sigut els beneficiaris de les ajudes al comer\u00e7 i professionals de l&#8217;Ajuntament per a pal\u00b7liar els efectes de la pand\u00e8mia provocada per la COVID-19. Divendres passat, 20 <a class=\"mh-excerpt-more\" href=\"https:\/\/www.tucomarca.com\/wordpress\/segunda\/ca\/lajuntament-de-vilamarxant-destina-un-total-de-88-70392-euros-en-les-ajudes-al-comerc-i-professionals-del-municipi-per-a-palliar-els-efectes-de-la-covid-19\/\" title=\"L\u2019Ajuntament de Vilamarxant destina un total de 88.703,92 euros en les ajudes al comer\u00e7 i professionals del municipi per a pal\u00b7liar els efectes de la COVID-19\">[+] <\/a><\/div>\n","protected":false},"author":12,"featured_media":120118,"comment_status":"open","ping_status":"open","sticky":false,"template":"","format":"standard","meta":{"footnotes":""},"categories":[10892,12202,10948,10894,10947,10896,10927],"tags":[13102,10395,11937,11938,10439],"class_list":{"0":"post-120119","1":"post","2":"type-post","3":"status-publish","4":"format-standard","5":"has-post-thumbnail","7":"category-camp-de-turia-ca","8":"category-covid-19-ca","9":"category-infraestructuras-ca","10":"category-la-comarca-ca","11":"category-politica","12":"category-seccion-ca","13":"category-vilamarxant-ca","14":"tag-ayudas-al-comercio","15":"tag-camp-de-turia","16":"tag-coronavirus","17":"tag-covid-19","18":"tag-vilamarxant"},"_links":{"self":[{"href":"https:\/\/www.tucomarca.com\/wordpress\/segunda\/ca\/wp-json\/wp\/v2\/posts\/120119","targetHints":{"allow":["GET"]}}],"collection":[{"href":"https:\/\/www.tucomarca.com\/wordpress\/segunda\/ca\/wp-json\/wp\/v2\/posts"}],"about":[{"href":"https:\/\/www.tucomarca.com\/wordpress\/segunda\/ca\/wp-json\/wp\/v2\/types\/post"}],"author":[{"embeddable":true,"href":"https:\/\/www.tucomarca.com\/wordpress\/segunda\/ca\/wp-json\/wp\/v2\/users\/12"}],"replies":[{"embeddable":true,"href":"https:\/\/www.tucomarca.com\/wordpress\/segunda\/ca\/wp-json\/wp\/v2\/comments?post=120119"}],"version-history":[{"count":0,"href":"https:\/\/www.tucomarca.com\/wordpress\/segunda\/ca\/wp-json\/wp\/v2\/posts\/120119\/revisions"}],"wp:featuredmedia":[{"embeddable":true,"href":"https:\/\/www.tucomarca.com\/wordpress\/segunda\/ca\/wp-json\/wp\/v2\/media\/120118"}],"wp:attachment":[{"href":"https:\/\/www.tucomarca.com\/wordpress\/segunda\/ca\/wp-json\/wp\/v2\/media?parent=120119"}],"wp:term":[{"taxonomy":"category","embeddable":true,"href":"https:\/\/www.tucomarca.com\/wordpress\/segunda\/ca\/wp-json\/wp\/v2\/categories?post=120119"},{"taxonomy":"post_tag","embeddable":true,"href":"https:\/\/www.tucomarca.com\/wordpress\/segunda\/ca\/wp-json\/wp\/v2\/tags?post=120119"}],"curies":[{"name":"wp","href":"https:\/\/api.w.org\/{rel}","templated":true}]}}