{"id":120125,"date":"2020-11-25T08:00:11","date_gmt":"2020-11-25T07:00:11","guid":{"rendered":"http:\/\/www.tucomarca.com\/wordpress\/segunda\/?p=120125"},"modified":"2020-11-25T10:47:58","modified_gmt":"2020-11-25T09:47:58","slug":"62-xiquets-i-xiquetes-de-leliana-planten-el-seu-arbre-en-el-bosc-de-la-benvinguda","status":"publish","type":"post","link":"https:\/\/www.tucomarca.com\/wordpress\/segunda\/ca\/62-xiquets-i-xiquetes-de-leliana-planten-el-seu-arbre-en-el-bosc-de-la-benvinguda\/","title":{"rendered":"62 xiquets i xiquetes de l&#8217;Eliana planten el seu arbre en el Bosc de la Benvinguda"},"content":{"rendered":"\n<h4 class=\"wp-block-heading\"><strong>Despr\u00e9s d&#8217;aquesta quarta edici\u00f3 la iniciativa suma un total de 270 exemplars d&#8217;oms en proc\u00e9s de recuperaci\u00f3.<\/strong><\/h4>\n\n\n\n<p>Carregats d&#8217;eines i guants 62 xiquets i xiquetes de l&#8217;Eliana, nascuts en 2019, han participat aquest diumenge en la quarta edici\u00f3 del \u2018Bosc de la Benvinguda\u2019. L&#8217;acte, que va haver de ser ajornat per la pluja el passat dia 8, s&#8217;ha desenvolupat en dos torns per a evitar aglomeracions i complint amb totes les mesures de seguretat vigents davant la covid-19.<\/p>\n\n\n\n<p>Acompanyats dels seus pares i mares, els i les vertaderes protagonistes de la jornada van plantar el seu corresponent om, una esp\u00e8cie en ple proc\u00e9s de recuperaci\u00f3, senyalitzat amb el seu nom i data de naixement en la zona degradada del Barranc del Mandor.&nbsp;<\/p>\n\n\n\n<p>L&#8217;objectiu de la iniciativa, posada en marxa en 2017 i que ja ha plantat un total de 270 arbres, \u00e9s donar als nounats la benvinguda a l&#8217;Eliana i compleix la funci\u00f3 mediambiental de crear progressivament un bosc en aquest espai actualment degradat. Una iniciativa que contribueix a educar per a la conviv\u00e8ncia i el respecte cap al medi ambient, afavorint la transmissi\u00f3 de valors que fan que la nostra societat siga m\u00e9s c\u00edvica, responsable i solid\u00e0ria.&nbsp;<\/p>\n\n\n\n<p>L&#8217;esdeveniment, que per primera vegada no s&#8217;ha sigut obert a la ciutadania, ha comptat amb la participaci\u00f3 de l&#8217;alcalde, Salva Torrent, del regidor de Participaci\u00f3 Ciutadana, Jorge P\u00e9rez Comeche i de l&#8217;edil de Medi Ambient, Cristina D\u00edaz.<\/p>\n\n\n\n<p>Torrent, ha destacat el bon acolliment de la ciutadania d&#8217;un acte de gran valor mediambiental que serveix per a mitigar el canvi clim\u00e0tic. A m\u00e9s, ha afegit, <em>\u201caquests xiquets i xiquetes, independentment d&#8217;on els porte el futur, sabran que les seues arrels estan i estaran sempre a l&#8217;Eliana<\/em>\u201d.<br><\/p>\n","protected":false},"excerpt":{"rendered":"<div class=\"mh-excerpt\">Despr\u00e9s d&#8217;aquesta quarta edici\u00f3 la iniciativa suma un total de 270 exemplars d&#8217;oms en proc\u00e9s de recuperaci\u00f3. Carregats d&#8217;eines i guants 62 xiquets i xiquetes de l&#8217;Eliana, nascuts en 2019, han participat aquest diumenge en <a class=\"mh-excerpt-more\" href=\"https:\/\/www.tucomarca.com\/wordpress\/segunda\/ca\/62-xiquets-i-xiquetes-de-leliana-planten-el-seu-arbre-en-el-bosc-de-la-benvinguda\/\" title=\"62 xiquets i xiquetes de l&#8217;Eliana planten el seu arbre en el Bosc de la Benvinguda\">[+] <\/a><\/div>\n","protected":false},"author":12,"featured_media":120124,"comment_status":"open","ping_status":"open","sticky":false,"template":"","format":"standard","meta":{"footnotes":""},"categories":[10892,10894,10893,10903,10896],"tags":[12965,10395,10433],"class_list":{"0":"post-120125","1":"post","2":"type-post","3":"status-publish","4":"format-standard","5":"has-post-thumbnail","7":"category-camp-de-turia-ca","8":"category-la-comarca-ca","9":"category-leliana-ca","10":"category-medio-ambiente-la-comarca-ca","11":"category-seccion-ca","12":"tag-bosc-de-la-benvinguda","13":"tag-camp-de-turia","14":"tag-leliana"},"_links":{"self":[{"href":"https:\/\/www.tucomarca.com\/wordpress\/segunda\/ca\/wp-json\/wp\/v2\/posts\/120125","targetHints":{"allow":["GET"]}}],"collection":[{"href":"https:\/\/www.tucomarca.com\/wordpress\/segunda\/ca\/wp-json\/wp\/v2\/posts"}],"about":[{"href":"https:\/\/www.tucomarca.com\/wordpress\/segunda\/ca\/wp-json\/wp\/v2\/types\/post"}],"author":[{"embeddable":true,"href":"https:\/\/www.tucomarca.com\/wordpress\/segunda\/ca\/wp-json\/wp\/v2\/users\/12"}],"replies":[{"embeddable":true,"href":"https:\/\/www.tucomarca.com\/wordpress\/segunda\/ca\/wp-json\/wp\/v2\/comments?post=120125"}],"version-history":[{"count":0,"href":"https:\/\/www.tucomarca.com\/wordpress\/segunda\/ca\/wp-json\/wp\/v2\/posts\/120125\/revisions"}],"wp:featuredmedia":[{"embeddable":true,"href":"https:\/\/www.tucomarca.com\/wordpress\/segunda\/ca\/wp-json\/wp\/v2\/media\/120124"}],"wp:attachment":[{"href":"https:\/\/www.tucomarca.com\/wordpress\/segunda\/ca\/wp-json\/wp\/v2\/media?parent=120125"}],"wp:term":[{"taxonomy":"category","embeddable":true,"href":"https:\/\/www.tucomarca.com\/wordpress\/segunda\/ca\/wp-json\/wp\/v2\/categories?post=120125"},{"taxonomy":"post_tag","embeddable":true,"href":"https:\/\/www.tucomarca.com\/wordpress\/segunda\/ca\/wp-json\/wp\/v2\/tags?post=120125"}],"curies":[{"name":"wp","href":"https:\/\/api.w.org\/{rel}","templated":true}]}}