{"id":120236,"date":"2020-11-26T00:10:26","date_gmt":"2020-11-25T23:10:26","guid":{"rendered":"http:\/\/www.tucomarca.com\/wordpress\/segunda\/?p=120236"},"modified":"2020-11-26T02:19:14","modified_gmt":"2020-11-26T01:19:14","slug":"riba-roja-acorda-el-pagament-de-432-633-a-una-veina-a-qui-se-li-va-ocupar-un-terreny-per-a-canalitzar-el-barranc-dels-monges-en-2004-pero-no-se-li-va-compensar-durant-16-anys","status":"publish","type":"post","link":"https:\/\/www.tucomarca.com\/wordpress\/segunda\/ca\/riba-roja-acorda-el-pagament-de-432-633-a-una-veina-a-qui-se-li-va-ocupar-un-terreny-per-a-canalitzar-el-barranc-dels-monges-en-2004-pero-no-se-li-va-compensar-durant-16-anys\/","title":{"rendered":"Riba-roja acorda el pagament de 432.633 a una ve\u00efna a qui se li va ocupar un terreny per a canalitzar el Barranc dels Monges en 2004 per\u00f2 no se li va compensar durant 16 anys"},"content":{"rendered":"\n<h4 class=\"wp-block-heading\"><strong>La propiet\u00e0ria no va rebre ni diners ni permuta durant el govern del PP<\/strong><\/h4>\n\n\n\n<p>El ple de l&#8217;Ajuntament de Riba-roja de T\u00faria ha acordat l&#8217;aprovaci\u00f3 d&#8217;una despesa de 430.660 euros a una ve\u00efna de la localitat a la qual, l&#8217;any 2004, sota govern de PP, se li va ocupar una parcel\u00b7la de 3.628 metres quadrats per canalitzar el Barranc de les Monges a canvi d&#8217;una reparcel\u00b7laci\u00f3 a la zona de l&#8217;Calvari o en l&#8217;anomenada \u00e0rea de Pacadar.<\/p>\n\n\n\n<p>No obstant aix\u00f2, ni va rebre les permutes de terrenys perqu\u00e8 a la zona de l&#8217;Calvari no hi ha s\u00f2l disponible a l&#8217;respecte ni tampoc en el Pacadar, ja que en aquest cas no s&#8217;ha arribat a desenvolupar el pla urban\u00edstic previst inicialment. A m\u00e9s, tot i el pas dels anys tampoc se&#8217;ls va indemnitzar amb quantitat econ\u00f2mica tot i l&#8217;ocupaci\u00f3 dels seus terrenys.<\/p>\n\n\n\n<p>El ple de Riba-roja de T\u00faria ha aprovat la proposta de l&#8217;PSPV d&#8217;abonar a la propiet\u00e0ria per l&#8217;ocupaci\u00f3 dels esmentats terrenys per canalitzar el barranc amb el suport tamb\u00e9 de Ciutadans mentre que el Partit Popular, Esquerra Unida, Comprom\u00eds, Podem Riba vermella Pot i la formaci\u00f3 de Vox van optar per l&#8217;abstenci\u00f3 sobre els acords presos en la sessi\u00f3.<\/p>\n\n\n\n<p>Els fets que van originar la indemnitzaci\u00f3 final aprovada es remunten a l&#8217;any 2004 quan el llavors equip de govern, encap\u00e7alat per l&#8217;exalcalde, Francisco Tarazona, de l&#8217;PP, va ocupar una parcel\u00b7la de 3.628 metres quadrats amb el consentiment de la propiet\u00e0ria per canalitzar el barranc de les Monges a canvi d&#8217;altres terrenys en el Calvari o en l&#8217;\u00e0rea del Pacadar. <\/p>\n\n\n\n<p>No obstant aix\u00f2, la propiet\u00e0ria es va veure obligada a reclamar el compliment de l&#8217;acord a l&#8217;octubre de 2014 quan va exigir l&#8217;escriptura de la permuta o l&#8217;inici de la via judicial. L&#8217;any 2016 va sol\u00b7licitar l&#8217;expropiaci\u00f3 for\u00e7osa dels terrenys o b\u00e9 una indemnitzaci\u00f3 pel valor dels terrenys ocupats o pel valor dels mateixos 3.628 metres quadrats a la zona del Calvari.<\/p>\n\n\n\n<p>L&#8217;any 2018, la propiet\u00e0ria va sol\u00b7licitar la proposta d&#8217;expropiaci\u00f3, despr\u00e9s de l&#8217;arxivament de el recurs contenci\u00f3s-administratiu de l&#8217;any anterior, amb un preu just fixat en un total de 430.660 euros en total. El passat 2 de mar\u00e7, el ple de Riba-roja va desestimar tirar endavant la permuta dels terrenys a la zona de l&#8217;Calvari ja que en la mateixa no existeix cap tipus de terreny p\u00fablic. No obstant aix\u00f2, el ple va aprovar tirar endavant el proc\u00e9s d&#8217;expropiaci\u00f3 sol\u00b7licitada amb el preu just fixat pr\u00e8viament.<\/p>\n\n\n\n<p>Els 430.660 euros abonats a la propiet\u00e0ria dels terrenys al Barranc de les Monges s&#8217;uneixen a un altre pagament ordenat i fet efectiu a finals de juny passat per un valor de 1&#8217;3 milions d&#8217;euros a diversos propietaris d&#8217;una mateixa fam\u00edlia per altres terrenys privats i als quals, tampoc, s&#8217;havia abonat amb una permuta de terrenys pel mateix valor ni s&#8217;havia fet efectiva una indemnitzaci\u00f3 econ\u00f2mica a l&#8217;respecte.<\/p>\n\n\n\n<p>En aquesta ocasi\u00f3, la fam\u00edlia propiet\u00e0ria va rec\u00f3rrer una resoluci\u00f3 de setembre de 2014 en la qual el Jurat Provincial d&#8217;Expropiaci\u00f3 de Val\u00e8ncia fixava el preu just dels terrenys afectats per l&#8217;ocupaci\u00f3 dels mateixos en un total de 240.688 euros, mitjan\u00e7ant una expropiaci\u00f3, que finalment va ser anul\u00b7lada. Un error de l&#8217;TSJCV va fixar en 1&#8217;3 milions d&#8217;euros la indemnitzaci\u00f3 a la qual havia d&#8217;abonar l&#8217;ajuntament a la fam\u00edlia.<\/p>\n\n\n\n<p>L&#8217;alcalde de Riba-roja de T\u00faria, Robert Raga, ha afirmat que el pagament d&#8217;aquestes quantitats econ\u00f2miques &#8220;s\u00f3n un llast enorme per a la salut financera de l&#8217;ajuntament en un moment en qu\u00e8 es podia destinar aquests diners a ajudar a les fam\u00edlies ia les petites i mitjanes empreses que ho estan passant malament per la crisi sanit\u00e0ria per culpa de PP que en el seu moment no va realitzar una correcta actuaci\u00f3 &#8220;.<\/p>\n\n\n\n<ul class=\"wp-block-gallery columns-2 is-cropped wp-block-gallery-1 is-layout-flex wp-block-gallery-is-layout-flex\"><li class=\"blocks-gallery-item\"><figure><img loading=\"lazy\" decoding=\"async\" width=\"787\" height=\"590\" src=\"http:\/\/www.tucomarca.com\/wordpress\/segunda\/wp-content\/uploads\/2020\/11\/Riba-rojaBarranc3.jpg\" alt=\"\" data-id=\"120227\" data-link=\"http:\/\/www.tucomarca.com\/wordpress\/segunda\/?attachment_id=120227\" class=\"wp-image-120227\" srcset=\"https:\/\/www.tucomarca.com\/wordpress\/segunda\/wp-content\/uploads\/2020\/11\/Riba-rojaBarranc3.jpg 787w, https:\/\/www.tucomarca.com\/wordpress\/segunda\/wp-content\/uploads\/2020\/11\/Riba-rojaBarranc3-300x225.jpg 300w, https:\/\/www.tucomarca.com\/wordpress\/segunda\/wp-content\/uploads\/2020\/11\/Riba-rojaBarranc3-768x576.jpg 768w, https:\/\/www.tucomarca.com\/wordpress\/segunda\/wp-content\/uploads\/2020\/11\/Riba-rojaBarranc3-678x509.jpg 678w, https:\/\/www.tucomarca.com\/wordpress\/segunda\/wp-content\/uploads\/2020\/11\/Riba-rojaBarranc3-326x245.jpg 326w, https:\/\/www.tucomarca.com\/wordpress\/segunda\/wp-content\/uploads\/2020\/11\/Riba-rojaBarranc3-80x60.jpg 80w\" sizes=\"auto, (max-width: 787px) 100vw, 787px\" \/><\/figure><\/li><li class=\"blocks-gallery-item\"><figure><img loading=\"lazy\" decoding=\"async\" width=\"787\" height=\"536\" src=\"http:\/\/www.tucomarca.com\/wordpress\/segunda\/wp-content\/uploads\/2020\/11\/Riba-rojaBarranc4.jpg\" alt=\"\" data-id=\"120229\" data-link=\"http:\/\/www.tucomarca.com\/wordpress\/segunda\/?attachment_id=120229\" class=\"wp-image-120229\" srcset=\"https:\/\/www.tucomarca.com\/wordpress\/segunda\/wp-content\/uploads\/2020\/11\/Riba-rojaBarranc4.jpg 787w, https:\/\/www.tucomarca.com\/wordpress\/segunda\/wp-content\/uploads\/2020\/11\/Riba-rojaBarranc4-300x204.jpg 300w, https:\/\/www.tucomarca.com\/wordpress\/segunda\/wp-content\/uploads\/2020\/11\/Riba-rojaBarranc4-768x523.jpg 768w\" sizes=\"auto, (max-width: 787px) 100vw, 787px\" \/><\/figure><\/li><li class=\"blocks-gallery-item\"><figure><img loading=\"lazy\" decoding=\"async\" width=\"787\" height=\"590\" src=\"http:\/\/www.tucomarca.com\/wordpress\/segunda\/wp-content\/uploads\/2020\/11\/Riba-rojaBarranc1.jpg\" alt=\"\" data-id=\"120223\" data-link=\"http:\/\/www.tucomarca.com\/wordpress\/segunda\/?attachment_id=120223\" class=\"wp-image-120223\" srcset=\"https:\/\/www.tucomarca.com\/wordpress\/segunda\/wp-content\/uploads\/2020\/11\/Riba-rojaBarranc1.jpg 787w, https:\/\/www.tucomarca.com\/wordpress\/segunda\/wp-content\/uploads\/2020\/11\/Riba-rojaBarranc1-300x225.jpg 300w, https:\/\/www.tucomarca.com\/wordpress\/segunda\/wp-content\/uploads\/2020\/11\/Riba-rojaBarranc1-768x576.jpg 768w, https:\/\/www.tucomarca.com\/wordpress\/segunda\/wp-content\/uploads\/2020\/11\/Riba-rojaBarranc1-678x509.jpg 678w, https:\/\/www.tucomarca.com\/wordpress\/segunda\/wp-content\/uploads\/2020\/11\/Riba-rojaBarranc1-326x245.jpg 326w, https:\/\/www.tucomarca.com\/wordpress\/segunda\/wp-content\/uploads\/2020\/11\/Riba-rojaBarranc1-80x60.jpg 80w\" sizes=\"auto, (max-width: 787px) 100vw, 787px\" \/><\/figure><\/li><li class=\"blocks-gallery-item\"><figure><img loading=\"lazy\" decoding=\"async\" width=\"787\" height=\"443\" src=\"http:\/\/www.tucomarca.com\/wordpress\/segunda\/wp-content\/uploads\/2020\/11\/Riba-rojaBarranc5.jpg\" alt=\"\" data-id=\"120231\" data-link=\"http:\/\/www.tucomarca.com\/wordpress\/segunda\/?attachment_id=120231\" class=\"wp-image-120231\" srcset=\"https:\/\/www.tucomarca.com\/wordpress\/segunda\/wp-content\/uploads\/2020\/11\/Riba-rojaBarranc5.jpg 787w, https:\/\/www.tucomarca.com\/wordpress\/segunda\/wp-content\/uploads\/2020\/11\/Riba-rojaBarranc5-300x169.jpg 300w, https:\/\/www.tucomarca.com\/wordpress\/segunda\/wp-content\/uploads\/2020\/11\/Riba-rojaBarranc5-768x432.jpg 768w, https:\/\/www.tucomarca.com\/wordpress\/segunda\/wp-content\/uploads\/2020\/11\/Riba-rojaBarranc5-678x381.jpg 678w\" sizes=\"auto, (max-width: 787px) 100vw, 787px\" \/><\/figure><\/li><\/ul>\n","protected":false},"excerpt":{"rendered":"<div class=\"mh-excerpt\">La propiet\u00e0ria no va rebre ni diners ni permuta durant el govern del PP El ple de l&#8217;Ajuntament de Riba-roja de T\u00faria ha acordat l&#8217;aprovaci\u00f3 d&#8217;una despesa de 430.660 euros a una ve\u00efna de la <a class=\"mh-excerpt-more\" href=\"https:\/\/www.tucomarca.com\/wordpress\/segunda\/ca\/riba-roja-acorda-el-pagament-de-432-633-a-una-veina-a-qui-se-li-va-ocupar-un-terreny-per-a-canalitzar-el-barranc-dels-monges-en-2004-pero-no-se-li-va-compensar-durant-16-anys\/\" title=\"Riba-roja acorda el pagament de 432.633 a una ve\u00efna a qui se li va ocupar un terreny per a canalitzar el Barranc dels Monges en 2004 per\u00f2 no se li va compensar durant 16 anys\">[+] <\/a><\/div>\n","protected":false},"author":12,"featured_media":120234,"comment_status":"open","ping_status":"open","sticky":false,"template":"","format":"gallery","meta":{"footnotes":""},"categories":[10892,10894,10947,10906,10896],"tags":[13112,10395,8900],"class_list":{"0":"post-120236","1":"post","2":"type-post","3":"status-publish","4":"format-gallery","5":"has-post-thumbnail","7":"category-camp-de-turia-ca","8":"category-la-comarca-ca","9":"category-politica","10":"category-riba-roja-ca","11":"category-seccion-ca","12":"tag-barranc-de-les-monges","13":"tag-camp-de-turia","14":"tag-riba-roja-del-turia","15":"post_format-post-format-gallery"},"_links":{"self":[{"href":"https:\/\/www.tucomarca.com\/wordpress\/segunda\/ca\/wp-json\/wp\/v2\/posts\/120236","targetHints":{"allow":["GET"]}}],"collection":[{"href":"https:\/\/www.tucomarca.com\/wordpress\/segunda\/ca\/wp-json\/wp\/v2\/posts"}],"about":[{"href":"https:\/\/www.tucomarca.com\/wordpress\/segunda\/ca\/wp-json\/wp\/v2\/types\/post"}],"author":[{"embeddable":true,"href":"https:\/\/www.tucomarca.com\/wordpress\/segunda\/ca\/wp-json\/wp\/v2\/users\/12"}],"replies":[{"embeddable":true,"href":"https:\/\/www.tucomarca.com\/wordpress\/segunda\/ca\/wp-json\/wp\/v2\/comments?post=120236"}],"version-history":[{"count":0,"href":"https:\/\/www.tucomarca.com\/wordpress\/segunda\/ca\/wp-json\/wp\/v2\/posts\/120236\/revisions"}],"wp:featuredmedia":[{"embeddable":true,"href":"https:\/\/www.tucomarca.com\/wordpress\/segunda\/ca\/wp-json\/wp\/v2\/media\/120234"}],"wp:attachment":[{"href":"https:\/\/www.tucomarca.com\/wordpress\/segunda\/ca\/wp-json\/wp\/v2\/media?parent=120236"}],"wp:term":[{"taxonomy":"category","embeddable":true,"href":"https:\/\/www.tucomarca.com\/wordpress\/segunda\/ca\/wp-json\/wp\/v2\/categories?post=120236"},{"taxonomy":"post_tag","embeddable":true,"href":"https:\/\/www.tucomarca.com\/wordpress\/segunda\/ca\/wp-json\/wp\/v2\/tags?post=120236"}],"curies":[{"name":"wp","href":"https:\/\/api.w.org\/{rel}","templated":true}]}}