{"id":120253,"date":"2020-11-26T02:17:29","date_gmt":"2020-11-26T01:17:29","guid":{"rendered":"http:\/\/www.tucomarca.com\/wordpress\/segunda\/?p=120253"},"modified":"2020-11-26T02:17:31","modified_gmt":"2020-11-26T01:17:31","slug":"la-xarxa-turist-info-de-quesa-i-anna-de-la-mancomunitat-de-la-canal-de-navarres-reben-el-premi-dinnovacio-de-turisme-comunitat-valenciana","status":"publish","type":"post","link":"https:\/\/www.tucomarca.com\/wordpress\/segunda\/ca\/la-xarxa-turist-info-de-quesa-i-anna-de-la-mancomunitat-de-la-canal-de-navarres-reben-el-premi-dinnovacio-de-turisme-comunitat-valenciana\/","title":{"rendered":"La xarxa Turist Info de Quesa i Anna, de la Mancomunitat de la Canal de Navarr\u00e9s, reben el premi d&#8217;innovaci\u00f3 de Turisme Comunitat Valenciana"},"content":{"rendered":"\n<p>Les Oficines de Turisme de Quesa i Anna, emmarcades en la xarxa de Tourist Info de la Mancomunitat de la Canal de Navarr\u00e9s, han rebut el premi a la innovaci\u00f3 2020 per Turisme Comunitat Valenciana. Aquest premi, reconeix les novetats dirigides a millorar, d&#8217;una banda, l&#8217;atenci\u00f3 prestada per les oficines Tourist Info i la qualitat percebuda pels turistes en relaci\u00f3 a la destinaci\u00f3 tur\u00edstica de la Mancomunitat de la Canal de Navarr\u00e9s, i, de l&#8217;altra, les novetats en serveis que milloren substancialment el desenvolupament local de les activitats tur\u00edstiques empresarials.<\/p>\n\n\n\n<p>Els premis concedits a les oficines de turisme de la Mancomunitat de la Canal de Navarr\u00e9s, a qui podien presentar-se totes les Tourist Info de la Comunitat Valenciana, han tingut en consideraci\u00f3 la creativitat, hospitalitat, accessibilitat i sostenibilidadde les propostes presentades, aix\u00ed com la creaci\u00f3 de noves ferramentes i canals d&#8217;atenci\u00f3 als turistes, entre altres variables.<\/p>\n\n\n\n<p><strong>Nova Senyalitzaci\u00f3 Tur\u00edstica Intel\u00b7ligent: tots els servicis tur\u00edstics, a trav\u00e9s del m\u00f2bil<\/strong><\/p>\n\n\n\n<p>I quins han sigut estes innovacions que s&#8217;han implantat en les Tourist Info de Quesa i d&#8217;Anna? En primer lloc, la seua nova Senyalitzaci\u00f3 Tur\u00edstica Intel\u00b7ligent. Aix\u00ed, a trav\u00e9s de la Plataforma Digital INVENTRIP, la Mancomunitat de la Canal de Navarr\u00e9s, oferix una informaci\u00f3 tur\u00edstica intel\u00b7ligent en tot el seu \u00e0mbit territorial, que compr\u00e9n els municipis d&#8217;Estubeny, Anna, Chella, Bolbaite, Navarr\u00e9s, Quesa, Bicorp i&nbsp;Millares.<\/p>\n\n\n\n<p>Esta plataforma permet als usuaris planificar i compartir viatges en la Canal de Navarr\u00e9s de forma r\u00e0pida i senzilla a trav\u00e9s del seu m\u00f2bil. A m\u00e9s, la Senyalitzaci\u00f3 Tur\u00edstica f\u00edsica (cartells i senyalitzacions) permeten consultar l&#8217;oferta tur\u00edstica completa a trav\u00e9s de balises electr\u00f2niques, codis QR, &#8220;beacons&#8221; i altres tecnologies de la informaci\u00f3, que dirigixen als visitants cap als principals llocs d&#8217;inter\u00e9s, oferint-los informaci\u00f3 de servicis com a restauraci\u00f3, paratges naturals, allotjaments, comer\u00e7os o servicis tur\u00edstics que tenen al seu voltant.<\/p>\n\n\n\n<p>Els Senyals Tur\u00edstics Intel\u00b7ligents posse\u00efxen un abast de 40 metres, i en eixe per\u00edmetre, tots els dispositius m\u00f2bils reben una notificaci\u00f3 amb tots els servicis al seu voltant. Per als espais naturals de major amplitud, s&#8217;utilitza la Geobaliza, que detecta els dispositius en una \u00e0rea major, a trav\u00e9s de la ubicaci\u00f3 GPS, i envia la notificaci\u00f3 i informaci\u00f3 encara en zones sense cobertura m\u00f2bil.<\/p>\n\n\n\n<p><strong>Un model tur\u00edstic segur i sostenible<\/strong><\/p>\n\n\n\n<p>Este model senzill, c\u00f2mode, sostenible i intel\u00b7ligent de remetre tota la informaci\u00f3 necess\u00e0ria per a fer m\u00e9s c\u00f2mode i plaent el viatge al turista, tamb\u00e9 convertix els destins de la Mancomunitat de la Canal de Navarr\u00e9s com a destinacions tur\u00edstiques segurs, perqu\u00e8 pot advertir, per mitj\u00e0 d&#8217;estes notificacions en el m\u00f2bil, de les mesures de seguretat necess\u00e0ries, o l&#8217;ocupaci\u00f3 de determinada zona tur\u00edstica en temps real, molt \u00fatil fonamentalment en els mesos de major aflu\u00e8ncia tur\u00edstica.<\/p>\n\n\n\n<p><strong>Aparadors Tur\u00edstics Interactius<\/strong><\/p>\n\n\n\n<p>Per\u00f2 a m\u00e9s de la Senyal\u00e8tica Intel\u00b7ligent, els municipis de la Mancomunitat de la Canal de Navarr\u00e9s compten amb la instal\u00b7laci\u00f3 de tres punts d&#8217;informaci\u00f3 a manera d&#8217;Aparador Interactiu, en les poblacions que no disposaven de centres de recepci\u00f3, com les oficines Touist Info ubicades en Anna i a Quesa, o l&#8217;Ecomuseu de Bicorp. En estos punts, que s&#8217;han ubicat en les poblacions de Chella, Bolbaite i Navarr\u00e9s, a trav\u00e9s d&#8217;unes pantalles amb tecnologia t\u00e0ctil, els habitants, turistes o visitants tenen la possibilitat d&#8217;enviar-se directament al m\u00f2bil els fullets tur\u00edstics, les guies, els llistats d&#8217;activitats a realitzar o recursos de qu\u00e8 disposen en la zona. Es pot consultar un mapa interactiu, l&#8217;agenda d&#8217;esdeveniments, o accedir als portals tur\u00edstics d&#8217;inter\u00e9s.<\/p>\n\n\n\n<p><strong>Implicaci\u00f3 de les Tourist Info i de la Mancomunitat de la Canal de Navarr\u00e9s<\/strong><\/p>\n\n\n\n<p>Este reconeixement a la innovaci\u00f3 en mat\u00e8ria tur\u00edstica, no haguera sigut possible sense la implicaci\u00f3 de les Tourist Info dependents del departament de turisme de la Mancomunitat de Navarr\u00e9s, coordinat pels diferents Ajuntaments adherits i incl\u00f2s en les actuacions del Pla de Governan\u00e7a de Dinamitzaci\u00f3 Tur\u00edstica finan\u00e7at per la pr\u00f2pia Mancomunitat, el Patronat Provincial de Turisme, i Turisme de la Comunitat Valenciana.<\/p>\n\n\n\n<ul class=\"wp-block-gallery columns-3 is-cropped wp-block-gallery-1 is-layout-flex wp-block-gallery-is-layout-flex\"><li class=\"blocks-gallery-item\"><figure><img loading=\"lazy\" decoding=\"async\" width=\"395\" height=\"342\" src=\"http:\/\/www.tucomarca.com\/wordpress\/segunda\/wp-content\/uploads\/2020\/11\/Navarres.jpg\" alt=\"\" data-id=\"120248\" data-link=\"http:\/\/www.tucomarca.com\/wordpress\/segunda\/?attachment_id=120248\" class=\"wp-image-120248\" srcset=\"https:\/\/www.tucomarca.com\/wordpress\/segunda\/wp-content\/uploads\/2020\/11\/Navarres.jpg 395w, https:\/\/www.tucomarca.com\/wordpress\/segunda\/wp-content\/uploads\/2020\/11\/Navarres-300x260.jpg 300w\" sizes=\"auto, (max-width: 395px) 100vw, 395px\" \/><\/figure><\/li><li class=\"blocks-gallery-item\"><figure><img loading=\"lazy\" decoding=\"async\" width=\"399\" height=\"341\" src=\"http:\/\/www.tucomarca.com\/wordpress\/segunda\/wp-content\/uploads\/2020\/11\/Chella.jpg\" alt=\"\" data-id=\"120244\" data-link=\"http:\/\/www.tucomarca.com\/wordpress\/segunda\/?attachment_id=120244\" class=\"wp-image-120244\" srcset=\"https:\/\/www.tucomarca.com\/wordpress\/segunda\/wp-content\/uploads\/2020\/11\/Chella.jpg 399w, https:\/\/www.tucomarca.com\/wordpress\/segunda\/wp-content\/uploads\/2020\/11\/Chella-300x256.jpg 300w\" sizes=\"auto, (max-width: 399px) 100vw, 399px\" \/><\/figure><\/li><li class=\"blocks-gallery-item\"><figure><img decoding=\"async\" src=\"http:\/\/www.tucomarca.com\/wordpress\/segunda\/wp-content\/uploads\/2020\/11\/Bicorp.jpg\" alt=\"\" data-id=\"120242\" data-link=\"http:\/\/www.tucomarca.com\/wordpress\/segunda\/?attachment_id=120242\" class=\"wp-image-120242\"\/><\/figure><\/li><li class=\"blocks-gallery-item\"><figure><img loading=\"lazy\" decoding=\"async\" width=\"309\" height=\"418\" src=\"http:\/\/www.tucomarca.com\/wordpress\/segunda\/wp-content\/uploads\/2020\/11\/Quesa.jpg\" alt=\"\" data-id=\"120240\" data-link=\"http:\/\/www.tucomarca.com\/wordpress\/segunda\/?attachment_id=120240\" class=\"wp-image-120240\" srcset=\"https:\/\/www.tucomarca.com\/wordpress\/segunda\/wp-content\/uploads\/2020\/11\/Quesa.jpg 309w, https:\/\/www.tucomarca.com\/wordpress\/segunda\/wp-content\/uploads\/2020\/11\/Quesa-222x300.jpg 222w\" sizes=\"auto, (max-width: 309px) 100vw, 309px\" \/><\/figure><\/li><li class=\"blocks-gallery-item\"><figure><img loading=\"lazy\" decoding=\"async\" width=\"787\" height=\"536\" src=\"http:\/\/www.tucomarca.com\/wordpress\/segunda\/wp-content\/uploads\/2020\/11\/CanalNavarresTuriInfo.jpg\" alt=\"\" data-id=\"120246\" data-link=\"http:\/\/www.tucomarca.com\/wordpress\/segunda\/?attachment_id=120246\" class=\"wp-image-120246\" srcset=\"https:\/\/www.tucomarca.com\/wordpress\/segunda\/wp-content\/uploads\/2020\/11\/CanalNavarresTuriInfo.jpg 787w, https:\/\/www.tucomarca.com\/wordpress\/segunda\/wp-content\/uploads\/2020\/11\/CanalNavarresTuriInfo-300x204.jpg 300w, https:\/\/www.tucomarca.com\/wordpress\/segunda\/wp-content\/uploads\/2020\/11\/CanalNavarresTuriInfo-768x523.jpg 768w\" sizes=\"auto, (max-width: 787px) 100vw, 787px\" \/><\/figure><\/li><\/ul>\n","protected":false},"excerpt":{"rendered":"<div class=\"mh-excerpt\">Les Oficines de Turisme de Quesa i Anna, emmarcades en la xarxa de Tourist Info de la Mancomunitat de la Canal de Navarr\u00e9s, han rebut el premi a la innovaci\u00f3 2020 per Turisme Comunitat Valenciana. <a class=\"mh-excerpt-more\" href=\"https:\/\/www.tucomarca.com\/wordpress\/segunda\/ca\/la-xarxa-turist-info-de-quesa-i-anna-de-la-mancomunitat-de-la-canal-de-navarres-reben-el-premi-dinnovacio-de-turisme-comunitat-valenciana\/\" title=\"La xarxa Turist Info de Quesa i Anna, de la Mancomunitat de la Canal de Navarr\u00e9s, reben el premi d&#8217;innovaci\u00f3 de Turisme Comunitat Valenciana\">[+] <\/a><\/div>\n","protected":false},"author":12,"featured_media":120251,"comment_status":"open","ping_status":"open","sticky":false,"template":"","format":"gallery","meta":{"footnotes":""},"categories":[10964,10965,10966,10967,10968,10969,10963,10894,10970,10971,10896],"tags":[10405,13114,10427,703,13115],"class_list":{"0":"post-120253","1":"post","2":"type-post","3":"status-publish","4":"format-gallery","5":"has-post-thumbnail","7":"category-anna-ca","8":"category-bicorp-ca","9":"category-bolbaite-ca","10":"category-canals-ca","11":"category-chella-ca","12":"category-enguera-ca","13":"category-la-canal-de-navarres-ca","14":"category-la-comarca-ca","15":"category-millares-ca","16":"category-navarres-ca","17":"category-seccion-ca","18":"tag-anna","19":"tag-mancomunidad-de-la-canal-de-navarres","20":"tag-quesa","21":"tag-turismo","22":"tag-turist-info","23":"post_format-post-format-gallery"},"_links":{"self":[{"href":"https:\/\/www.tucomarca.com\/wordpress\/segunda\/ca\/wp-json\/wp\/v2\/posts\/120253","targetHints":{"allow":["GET"]}}],"collection":[{"href":"https:\/\/www.tucomarca.com\/wordpress\/segunda\/ca\/wp-json\/wp\/v2\/posts"}],"about":[{"href":"https:\/\/www.tucomarca.com\/wordpress\/segunda\/ca\/wp-json\/wp\/v2\/types\/post"}],"author":[{"embeddable":true,"href":"https:\/\/www.tucomarca.com\/wordpress\/segunda\/ca\/wp-json\/wp\/v2\/users\/12"}],"replies":[{"embeddable":true,"href":"https:\/\/www.tucomarca.com\/wordpress\/segunda\/ca\/wp-json\/wp\/v2\/comments?post=120253"}],"version-history":[{"count":0,"href":"https:\/\/www.tucomarca.com\/wordpress\/segunda\/ca\/wp-json\/wp\/v2\/posts\/120253\/revisions"}],"wp:featuredmedia":[{"embeddable":true,"href":"https:\/\/www.tucomarca.com\/wordpress\/segunda\/ca\/wp-json\/wp\/v2\/media\/120251"}],"wp:attachment":[{"href":"https:\/\/www.tucomarca.com\/wordpress\/segunda\/ca\/wp-json\/wp\/v2\/media?parent=120253"}],"wp:term":[{"taxonomy":"category","embeddable":true,"href":"https:\/\/www.tucomarca.com\/wordpress\/segunda\/ca\/wp-json\/wp\/v2\/categories?post=120253"},{"taxonomy":"post_tag","embeddable":true,"href":"https:\/\/www.tucomarca.com\/wordpress\/segunda\/ca\/wp-json\/wp\/v2\/tags?post=120253"}],"curies":[{"name":"wp","href":"https:\/\/api.w.org\/{rel}","templated":true}]}}