{"id":120275,"date":"2020-11-26T09:00:36","date_gmt":"2020-11-26T08:00:36","guid":{"rendered":"http:\/\/www.tucomarca.com\/wordpress\/segunda\/?p=120275"},"modified":"2020-11-26T14:17:55","modified_gmt":"2020-11-26T13:17:55","slug":"el-circuit-ricardo-tormo-acull-els-test-de-pretemporada-de-la-formula-e","status":"publish","type":"post","link":"https:\/\/www.tucomarca.com\/wordpress\/segunda\/ca\/el-circuit-ricardo-tormo-acull-els-test-de-pretemporada-de-la-formula-e\/","title":{"rendered":"El Circuit Ricardo Tormo acull els test de pretemporada de la F\u00f3rmula E"},"content":{"rendered":"\n<h4 class=\"wp-block-heading\"><strong>\u00c9s l&#8217;\u00fanica activitat programada del campionat mundial de cotxes el\u00e8ctrics a Espanya&nbsp;<br>Les proves es desenvoluparan a porta tancada i s&#8217;extremaran les mesures de seguretat per a combatre la difusi\u00f3 del coronavirus<\/strong><\/h4>\n\n\n\n<p>El Circuit Ricardo Tormo celebra a partir del dissabte 28 de novembre, i a porta tancada, els entrenaments col\u00b7lectius d&#8217;hivern de l&#8217;ABB FIA F\u00f3rmula E, el campionat del m\u00f3n de cotxes el\u00e8ctrics.&nbsp;<\/p>\n\n\n\n<p>Seran quatre dies de distintes activitats centrades per a posar a punt els 24 monoplaces i els seus pilots de cara a l&#8217;inici de la setena temporada del certamen.&nbsp;<\/p>\n\n\n\n<p>Les proves comen\u00e7aran el dissabte 28 de novembre amb dues sessions de tres hores en qu\u00e8 els 24 monoplaces tindran la seua primera aproximaci\u00f3 al tra\u00e7at exterior del Circuit Ricardo Tormo. El diumenge 29 tindran lloc altres dues sessions, el dilluns es dedicar\u00e0 a distintes reunions programades tant de l&#8217;organitzaci\u00f3 del certamen com de la Federaci\u00f3 Internacional d&#8217;Automobilisme. A m\u00e9s, s&#8217;utilitzar\u00e0 la pista per a la gravaci\u00f3 d&#8217;anuncis i promocions de les marques involucrades. L&#8217;acci\u00f3 conclour\u00e0 el dimarts 1 de desembre amb sis hores consecutives de proves sobre la pista.&nbsp;<\/p>\n\n\n\n<p>Totes aquestes activitats se celebraran a porta tancada per als aficionats i amb estrictes mesures de seguretat que obligaran a completar proves PCR a totes les persones involucrades.&nbsp;<\/p>\n\n\n\n<p>El Campionat del M\u00f3n de F\u00f3rmula E ha confirmat els seus dos primers caps de setmana de carreres, el primer ser\u00e0 a Santiago de Xile els dies 16 i 17 de gener i el segon es desenvolupar\u00e0 en un circuit urb\u00e0 il\u00b7luminat durant la nit a Ar\u00e0bia Saudita els dies 26 i 27 de febrer.<\/p>\n","protected":false},"excerpt":{"rendered":"<div class=\"mh-excerpt\">\u00c9s l&#8217;\u00fanica activitat programada del campionat mundial de cotxes el\u00e8ctrics a Espanya&nbsp;Les proves es desenvoluparan a porta tancada i s&#8217;extremaran les mesures de seguretat per a combatre la difusi\u00f3 del coronavirus El Circuit Ricardo Tormo <a class=\"mh-excerpt-more\" href=\"https:\/\/www.tucomarca.com\/wordpress\/segunda\/ca\/el-circuit-ricardo-tormo-acull-els-test-de-pretemporada-de-la-formula-e\/\" title=\"El Circuit Ricardo Tormo acull els test de pretemporada de la F\u00f3rmula E\">[+] <\/a><\/div>\n","protected":false},"author":12,"featured_media":120274,"comment_status":"open","ping_status":"open","sticky":false,"template":"","format":"standard","meta":{"footnotes":""},"categories":[11017,11003,10904,10912,10896,10974],"tags":[11071,10474,10477],"class_list":{"0":"post-120275","1":"post","2":"type-post","3":"status-publish","4":"format-standard","5":"has-post-thumbnail","7":"category-automovilismo-ca","8":"category-sports","9":"category-sin-categorizar-ca","10":"category-la-hoya-ca","11":"category-seccion-ca","12":"category-cheste-ca","13":"tag-cheste","14":"tag-circuit-ricardo-tormo","15":"tag-circuito-de-cheste"},"_links":{"self":[{"href":"https:\/\/www.tucomarca.com\/wordpress\/segunda\/ca\/wp-json\/wp\/v2\/posts\/120275","targetHints":{"allow":["GET"]}}],"collection":[{"href":"https:\/\/www.tucomarca.com\/wordpress\/segunda\/ca\/wp-json\/wp\/v2\/posts"}],"about":[{"href":"https:\/\/www.tucomarca.com\/wordpress\/segunda\/ca\/wp-json\/wp\/v2\/types\/post"}],"author":[{"embeddable":true,"href":"https:\/\/www.tucomarca.com\/wordpress\/segunda\/ca\/wp-json\/wp\/v2\/users\/12"}],"replies":[{"embeddable":true,"href":"https:\/\/www.tucomarca.com\/wordpress\/segunda\/ca\/wp-json\/wp\/v2\/comments?post=120275"}],"version-history":[{"count":0,"href":"https:\/\/www.tucomarca.com\/wordpress\/segunda\/ca\/wp-json\/wp\/v2\/posts\/120275\/revisions"}],"wp:featuredmedia":[{"embeddable":true,"href":"https:\/\/www.tucomarca.com\/wordpress\/segunda\/ca\/wp-json\/wp\/v2\/media\/120274"}],"wp:attachment":[{"href":"https:\/\/www.tucomarca.com\/wordpress\/segunda\/ca\/wp-json\/wp\/v2\/media?parent=120275"}],"wp:term":[{"taxonomy":"category","embeddable":true,"href":"https:\/\/www.tucomarca.com\/wordpress\/segunda\/ca\/wp-json\/wp\/v2\/categories?post=120275"},{"taxonomy":"post_tag","embeddable":true,"href":"https:\/\/www.tucomarca.com\/wordpress\/segunda\/ca\/wp-json\/wp\/v2\/tags?post=120275"}],"curies":[{"name":"wp","href":"https:\/\/api.w.org\/{rel}","templated":true}]}}