{"id":120282,"date":"2020-11-26T08:55:57","date_gmt":"2020-11-26T07:55:57","guid":{"rendered":"http:\/\/www.tucomarca.com\/wordpress\/segunda\/?p=120282"},"modified":"2020-11-26T14:33:16","modified_gmt":"2020-11-26T13:33:16","slug":"la-diputacio-impulsa-els-plans-de-mobilitat-urbana-sostenible","status":"publish","type":"post","link":"https:\/\/www.tucomarca.com\/wordpress\/segunda\/ca\/la-diputacio-impulsa-els-plans-de-mobilitat-urbana-sostenible\/","title":{"rendered":"La Diputaci\u00f3 impulsa els Plans de Mobilitat Urbana Sostenible"},"content":{"rendered":"\n<h4 class=\"wp-block-heading\">Els PMUS permeten ordenar les diferents xarxes de mobilitat<br>La diputada de Mobilitat Sostenible, Dolors Gimeno, explica que la<br>finalitat \u00e9s &#8220;garantir espais saludables&#8221;<\/h4>\n\n\n\n<p>L&#8217;\u00e0rea de Mobilitat Sostenible de la Diputaci\u00f3 de Val\u00e8ncia ha convocat les ajudes per a la redacci\u00f3 de Plans de Mobilitat Urbana Sostenible, una iniciativa que segons explica la diputada Dolors Gimeno, ajudar\u00e0 a &#8220;mitigar el canvi clim\u00e0tic, millorar la qualitat de l&#8217;aire i reduir el soroll generat pel tr\u00e0nsit&#8221;.<\/p>\n\n\n\n<p>Els Plans de Mobilitat Urbana Sostenible (PMUS) permeten ordenar les diferents xarxes de mobilitat: vianants, ciclistes, transport p\u00fablic, el vehicle privat, l&#8217;aparcament i la distribuci\u00f3 de mercaderies, tenint en compte la seguretat vi\u00e0ria, la salut i la integraci\u00f3 social.<\/p>\n\n\n\n<p>La diputada de Mobilitat Sostenible, Dolors Gimeno, assenyala que &#8220;els PMUS s\u00f3n instruments de participaci\u00f3 ciutadana per a impulsar els canvis necessaris en la mobilitat urbana situant en el centre de la planificaci\u00f3 a les persones. La seua finalitat \u00e9s garantir espais saludables i amables on es puga caminar i pedalar, i on els despla\u00e7aments m\u00e9s llargs es puguen efectuar amb transport p\u00fablic&#8221;.<\/p>\n\n\n\n<p>Els PMUS tenen un \u00e0mbit d&#8217;actuaci\u00f3 local, no obstant aix\u00f2 per esta convocat\u00f2ria poden desenvolupar-se en col\u00b7laboraci\u00f3 amb diversos municipis, ja siga per pert\u00e0nyer a una \u00e0rea metropolitana, a una mancomunitat o a una agrupaci\u00f3. El cr\u00e8dit total consignat per a les subvencions que es concedixen a l&#8217;empara de la present convocat\u00f2ria \u00e9s de 400.000 euros, amb unes subvencions per concurr\u00e8ncia competitiva de 6.000 euros per a municipis de 3.000 a 10.000 habitants, i 7.000 euros per a municipis de 10.001 a 20.000 habitants. Les entitats locals d&#8217;\u00e0mbit territorial inferior al municipal i municipis de menys de 3.000 habitants que formen part de mancomunitats o d&#8217;agrupacions, d&#8217;almenys 2 integrants, podran optar a 2.500 euros per a cadascun dels seus components. En esta modalitat, la quantia total resultant ser\u00e0 com a m\u00e0xim de 15.000 euros per agrupaci\u00f3.<\/p>\n","protected":false},"excerpt":{"rendered":"<div class=\"mh-excerpt\">Els PMUS permeten ordenar les diferents xarxes de mobilitatLa diputada de Mobilitat Sostenible, Dolors Gimeno, explica que lafinalitat \u00e9s &#8220;garantir espais saludables&#8221; L&#8217;\u00e0rea de Mobilitat Sostenible de la Diputaci\u00f3 de Val\u00e8ncia ha convocat les ajudes <a class=\"mh-excerpt-more\" href=\"https:\/\/www.tucomarca.com\/wordpress\/segunda\/ca\/la-diputacio-impulsa-els-plans-de-mobilitat-urbana-sostenible\/\" title=\"La Diputaci\u00f3 impulsa els Plans de Mobilitat Urbana Sostenible\">[+] <\/a><\/div>\n","protected":false},"author":12,"featured_media":120281,"comment_status":"open","ping_status":"open","sticky":false,"template":"","format":"standard","meta":{"footnotes":""},"categories":[10890,10951,10892,11046,10898,10948,10963,10894,10904,10912,10902,10947,10909,10896],"tags":[3677,13118],"class_list":{"0":"post-120282","1":"post","2":"type-post","3":"status-publish","4":"format-standard","5":"has-post-thumbnail","7":"category-ademus","8":"category-ayora-cofrentes-ca","9":"category-camp-de-turia-ca","10":"category-los-serranos-ca","11":"category-ventana-ca","12":"category-infraestructuras-ca","13":"category-la-canal-de-navarres-ca","14":"category-la-comarca-ca","15":"category-sin-categorizar-ca","16":"category-la-hoya-ca","17":"category-la-ribera-ca","18":"category-politica","19":"category-requena-utiel-ca","20":"category-seccion-ca","21":"tag-diputacio-de-valencia","22":"tag-movilidad-sostenible"},"_links":{"self":[{"href":"https:\/\/www.tucomarca.com\/wordpress\/segunda\/ca\/wp-json\/wp\/v2\/posts\/120282","targetHints":{"allow":["GET"]}}],"collection":[{"href":"https:\/\/www.tucomarca.com\/wordpress\/segunda\/ca\/wp-json\/wp\/v2\/posts"}],"about":[{"href":"https:\/\/www.tucomarca.com\/wordpress\/segunda\/ca\/wp-json\/wp\/v2\/types\/post"}],"author":[{"embeddable":true,"href":"https:\/\/www.tucomarca.com\/wordpress\/segunda\/ca\/wp-json\/wp\/v2\/users\/12"}],"replies":[{"embeddable":true,"href":"https:\/\/www.tucomarca.com\/wordpress\/segunda\/ca\/wp-json\/wp\/v2\/comments?post=120282"}],"version-history":[{"count":0,"href":"https:\/\/www.tucomarca.com\/wordpress\/segunda\/ca\/wp-json\/wp\/v2\/posts\/120282\/revisions"}],"wp:featuredmedia":[{"embeddable":true,"href":"https:\/\/www.tucomarca.com\/wordpress\/segunda\/ca\/wp-json\/wp\/v2\/media\/120281"}],"wp:attachment":[{"href":"https:\/\/www.tucomarca.com\/wordpress\/segunda\/ca\/wp-json\/wp\/v2\/media?parent=120282"}],"wp:term":[{"taxonomy":"category","embeddable":true,"href":"https:\/\/www.tucomarca.com\/wordpress\/segunda\/ca\/wp-json\/wp\/v2\/categories?post=120282"},{"taxonomy":"post_tag","embeddable":true,"href":"https:\/\/www.tucomarca.com\/wordpress\/segunda\/ca\/wp-json\/wp\/v2\/tags?post=120282"}],"curies":[{"name":"wp","href":"https:\/\/api.w.org\/{rel}","templated":true}]}}