{"id":120320,"date":"2020-11-26T19:09:13","date_gmt":"2020-11-26T18:09:13","guid":{"rendered":"http:\/\/www.tucomarca.com\/wordpress\/segunda\/?p=120320"},"modified":"2020-11-26T19:09:17","modified_gmt":"2020-11-26T18:09:17","slug":"la-conselleria-dhabitatge-i-lajuntament-de-la-pobla-de-vallbona-solliciten-a-ljutjat-la-paralitzacio-dels-desnonaments-al-municipi","status":"publish","type":"post","link":"https:\/\/www.tucomarca.com\/wordpress\/segunda\/ca\/la-conselleria-dhabitatge-i-lajuntament-de-la-pobla-de-vallbona-solliciten-a-ljutjat-la-paralitzacio-dels-desnonaments-al-municipi\/","title":{"rendered":"La Conselleria d&#8217;Habitatge i l&#8217;Ajuntament de la Pobla de Vallbona sol\u00b7liciten a l&#8217;jutjat la paralitzaci\u00f3 dels desnonaments al municipi"},"content":{"rendered":"\n<p>El vicepresident segon i conseller d&#8217;Habitatge i Arquitectura Bioclim\u00e0tica, Rub\u00e9n Mart\u00ednez Dalmau, i la directora general d&#8217;Emerg\u00e8ncia Habitacional, Pura Peris, s&#8217;han reunit amb l&#8217;alcalde de la Pobla de Vallbona, Josep Vicent Garc\u00eda, amb la finalitat de buscar soluci\u00f3 a la problem\u00e0tica dels desnonaments a localitat. A la reuni\u00f3 tamb\u00e9 han participat l&#8217;advocada de l&#8217;Ajuntament, Elena Dom\u00e9nech, i per l&#8217;arquitecte municipal, V\u00edctor Bosc\u00e0.<\/p>\n\n\n\n<p>Mart\u00ednez Dalmau ha asegurado que &#8220;en el caso de la Pobla de Vallbona estamos de nuevo ante una agresi\u00f3n al derecho a la vivienda por parte de un fondo de inversi\u00f3n&#8221;. &#8220;Estamos hablando de 38 familias, de 94 personas con unas condiciones de vulnerabilidad enorme, de familias con personas con diversidad funcional, enfermas, con menores, personas mayores y con mujeres embarazadas y, ante esta situaci\u00f3n, desde la Generalitat y el Ayuntamiento vamos a solicitar conjuntamente al Juzgado la suspensi\u00f3n del lanzamiento&#8221;.<\/p>\n\n\n\n<p>El vicepresidente tambi\u00e9n ha se\u00f1alado que ambas administraciones han acordado exigir al fondo de inversi\u00f3n la negociaci\u00f3n de alquileres sociales para todas estas familias y &#8220;as\u00ed evitar que sean abocadas a verse en la calle&#8221;.<\/p>\n\n\n\n<p>Pura Peris ha explicado que, desde el pasado viernes que tuvieron noticia de la situaci\u00f3n a trav\u00e9s de la Plataforma de Afectados por la Hipoteca (PAH), &#8220;venimos trabajando conjuntamente con el ayuntamiento y de hecho hemos mantenido varias conversaciones con la sociedad gestora de activos titular del inmueble, con el fin de llegar a una soluci\u00f3n habitacional para todas las familias afectadas&#8221;.<\/p>\n","protected":false},"excerpt":{"rendered":"<div class=\"mh-excerpt\">El vicepresident segon i conseller d&#8217;Habitatge i Arquitectura Bioclim\u00e0tica, Rub\u00e9n Mart\u00ednez Dalmau, i la directora general d&#8217;Emerg\u00e8ncia Habitacional, Pura Peris, s&#8217;han reunit amb l&#8217;alcalde de la Pobla de Vallbona, Josep Vicent Garc\u00eda, amb la finalitat <a class=\"mh-excerpt-more\" href=\"https:\/\/www.tucomarca.com\/wordpress\/segunda\/ca\/la-conselleria-dhabitatge-i-lajuntament-de-la-pobla-de-vallbona-solliciten-a-ljutjat-la-paralitzacio-dels-desnonaments-al-municipi\/\" title=\"La Conselleria d&#8217;Habitatge i l&#8217;Ajuntament de la Pobla de Vallbona sol\u00b7liciten a l&#8217;jutjat la paralitzaci\u00f3 dels desnonaments al municipi\">[+] <\/a><\/div>\n","protected":false},"author":1,"featured_media":120307,"comment_status":"open","ping_status":"open","sticky":false,"template":"","format":"standard","meta":{"footnotes":""},"categories":[10892,10948,10894,10915,10947,10896,10897],"tags":[10395,10899,1335,10916],"class_list":{"0":"post-120320","1":"post","2":"type-post","3":"status-publish","4":"format-standard","5":"has-post-thumbnail","7":"category-camp-de-turia-ca","8":"category-infraestructuras-ca","9":"category-la-comarca-ca","10":"category-la-pobla-ca","11":"category-politica","12":"category-seccion-ca","13":"category-sucesos-la-comarca-ca","14":"tag-camp-de-turia","15":"tag-camp-de-turia-ca","16":"tag-la-pobla-de-vallbona","17":"tag-la-pobla-de-vallbona-ca"},"_links":{"self":[{"href":"https:\/\/www.tucomarca.com\/wordpress\/segunda\/ca\/wp-json\/wp\/v2\/posts\/120320","targetHints":{"allow":["GET"]}}],"collection":[{"href":"https:\/\/www.tucomarca.com\/wordpress\/segunda\/ca\/wp-json\/wp\/v2\/posts"}],"about":[{"href":"https:\/\/www.tucomarca.com\/wordpress\/segunda\/ca\/wp-json\/wp\/v2\/types\/post"}],"author":[{"embeddable":true,"href":"https:\/\/www.tucomarca.com\/wordpress\/segunda\/ca\/wp-json\/wp\/v2\/users\/1"}],"replies":[{"embeddable":true,"href":"https:\/\/www.tucomarca.com\/wordpress\/segunda\/ca\/wp-json\/wp\/v2\/comments?post=120320"}],"version-history":[{"count":0,"href":"https:\/\/www.tucomarca.com\/wordpress\/segunda\/ca\/wp-json\/wp\/v2\/posts\/120320\/revisions"}],"wp:featuredmedia":[{"embeddable":true,"href":"https:\/\/www.tucomarca.com\/wordpress\/segunda\/ca\/wp-json\/wp\/v2\/media\/120307"}],"wp:attachment":[{"href":"https:\/\/www.tucomarca.com\/wordpress\/segunda\/ca\/wp-json\/wp\/v2\/media?parent=120320"}],"wp:term":[{"taxonomy":"category","embeddable":true,"href":"https:\/\/www.tucomarca.com\/wordpress\/segunda\/ca\/wp-json\/wp\/v2\/categories?post=120320"},{"taxonomy":"post_tag","embeddable":true,"href":"https:\/\/www.tucomarca.com\/wordpress\/segunda\/ca\/wp-json\/wp\/v2\/tags?post=120320"}],"curies":[{"name":"wp","href":"https:\/\/api.w.org\/{rel}","templated":true}]}}