{"id":120334,"date":"2020-11-26T19:45:19","date_gmt":"2020-11-26T18:45:19","guid":{"rendered":"http:\/\/www.tucomarca.com\/wordpress\/segunda\/?p=120334"},"modified":"2020-11-26T20:47:46","modified_gmt":"2020-11-26T19:47:46","slug":"fotogaleria-el-municipi-de-cortes-de-pallas-es-tenyeix-de-violeta-pel-25-n","status":"publish","type":"post","link":"https:\/\/www.tucomarca.com\/wordpress\/segunda\/ca\/fotogaleria-el-municipi-de-cortes-de-pallas-es-tenyeix-de-violeta-pel-25-n\/","title":{"rendered":"Fotogaleria: El municipi de Cortes de Pall\u00e0s es tenyeix de violeta pel 25-N"},"content":{"rendered":"\n<p>L&#8217;Ajuntament de Cortes de Pallars, a trav\u00e9s d&#8217;l&#8217;\u00e0rea de Serveis Socials que administra Sonia Iranzo, ha organitzat un seguit d&#8217;actes amb motiu de l&#8217;25N que han comen\u00e7at amb la lectura d&#8217;un manifest contra la viol\u00e8ncia masclista, aix\u00ed com la difusi\u00f3 d&#8217;un \u00e0udio de les alumnes i alumnes de l&#8217;escola i un minut de silenci.<\/p>\n\n\n\n<p>Durant tot el dia al mercat es va col\u00b7locar un punt violeta des del qual es va informar i va obsequiar les persones que fins ell es van acostar amb mascaretes violeta i fullets informatius.<\/p>\n\n\n\n<p>La principal via de la localitat, aix\u00ed com l&#8217;ajuntament i l&#8217;esgl\u00e9sia es van il\u00b7luminar de violeta com a s\u00edmbol de solidaritat i suport a les dones i els seus fills, v\u00edctimes de viol\u00e8ncia de g\u00e8nere.<\/p>\n\n\n\n<p>Des del consistori agraeixen &#8220;enormement la participaci\u00f3 de tots els ve\u00efns i ve\u00efnes que van col\u00b7laborar perqu\u00e8 aquest dia fos tan important com mereix&#8221;.<\/p>\n\n\n\n<ul class=\"wp-block-gallery columns-2 is-cropped wp-block-gallery-1 is-layout-flex wp-block-gallery-is-layout-flex\"><li class=\"blocks-gallery-item\"><figure><img loading=\"lazy\" decoding=\"async\" width=\"787\" height=\"578\" src=\"http:\/\/www.tucomarca.com\/wordpress\/segunda\/wp-content\/uploads\/2020\/11\/CortesVioleta8.jpg\" alt=\"\" data-id=\"120331\" data-link=\"http:\/\/www.tucomarca.com\/wordpress\/segunda\/?attachment_id=120331\" class=\"wp-image-120331\" srcset=\"https:\/\/www.tucomarca.com\/wordpress\/segunda\/wp-content\/uploads\/2020\/11\/CortesVioleta8.jpg 787w, https:\/\/www.tucomarca.com\/wordpress\/segunda\/wp-content\/uploads\/2020\/11\/CortesVioleta8-300x220.jpg 300w, https:\/\/www.tucomarca.com\/wordpress\/segunda\/wp-content\/uploads\/2020\/11\/CortesVioleta8-768x564.jpg 768w, https:\/\/www.tucomarca.com\/wordpress\/segunda\/wp-content\/uploads\/2020\/11\/CortesVioleta8-80x60.jpg 80w\" sizes=\"auto, (max-width: 787px) 100vw, 787px\" \/><\/figure><\/li><li class=\"blocks-gallery-item\"><figure><img loading=\"lazy\" decoding=\"async\" width=\"787\" height=\"599\" src=\"http:\/\/www.tucomarca.com\/wordpress\/segunda\/wp-content\/uploads\/2020\/11\/CortesVioleta5.jpg\" alt=\"\" data-id=\"120324\" data-link=\"http:\/\/www.tucomarca.com\/wordpress\/segunda\/?attachment_id=120324\" class=\"wp-image-120324\" srcset=\"https:\/\/www.tucomarca.com\/wordpress\/segunda\/wp-content\/uploads\/2020\/11\/CortesVioleta5.jpg 787w, https:\/\/www.tucomarca.com\/wordpress\/segunda\/wp-content\/uploads\/2020\/11\/CortesVioleta5-300x228.jpg 300w, https:\/\/www.tucomarca.com\/wordpress\/segunda\/wp-content\/uploads\/2020\/11\/CortesVioleta5-768x585.jpg 768w, https:\/\/www.tucomarca.com\/wordpress\/segunda\/wp-content\/uploads\/2020\/11\/CortesVioleta5-80x60.jpg 80w\" sizes=\"auto, (max-width: 787px) 100vw, 787px\" \/><\/figure><\/li><li class=\"blocks-gallery-item\"><figure><img loading=\"lazy\" decoding=\"async\" width=\"787\" height=\"656\" src=\"http:\/\/www.tucomarca.com\/wordpress\/segunda\/wp-content\/uploads\/2020\/11\/CortesVioleta7.jpg\" alt=\"\" data-id=\"120328\" data-link=\"http:\/\/www.tucomarca.com\/wordpress\/segunda\/?attachment_id=120328\" class=\"wp-image-120328\" srcset=\"https:\/\/www.tucomarca.com\/wordpress\/segunda\/wp-content\/uploads\/2020\/11\/CortesVioleta7.jpg 787w, https:\/\/www.tucomarca.com\/wordpress\/segunda\/wp-content\/uploads\/2020\/11\/CortesVioleta7-300x250.jpg 300w, https:\/\/www.tucomarca.com\/wordpress\/segunda\/wp-content\/uploads\/2020\/11\/CortesVioleta7-768x640.jpg 768w\" sizes=\"auto, (max-width: 787px) 100vw, 787px\" \/><\/figure><\/li><li class=\"blocks-gallery-item\"><figure><img loading=\"lazy\" decoding=\"async\" width=\"787\" height=\"601\" src=\"http:\/\/www.tucomarca.com\/wordpress\/segunda\/wp-content\/uploads\/2020\/11\/CortesVioleta4.jpg\" alt=\"\" data-id=\"120322\" data-link=\"http:\/\/www.tucomarca.com\/wordpress\/segunda\/?attachment_id=120322\" class=\"wp-image-120322\" srcset=\"https:\/\/www.tucomarca.com\/wordpress\/segunda\/wp-content\/uploads\/2020\/11\/CortesVioleta4.jpg 787w, https:\/\/www.tucomarca.com\/wordpress\/segunda\/wp-content\/uploads\/2020\/11\/CortesVioleta4-300x229.jpg 300w, https:\/\/www.tucomarca.com\/wordpress\/segunda\/wp-content\/uploads\/2020\/11\/CortesVioleta4-768x586.jpg 768w, https:\/\/www.tucomarca.com\/wordpress\/segunda\/wp-content\/uploads\/2020\/11\/CortesVioleta4-80x60.jpg 80w\" sizes=\"auto, (max-width: 787px) 100vw, 787px\" \/><\/figure><\/li><li class=\"blocks-gallery-item\"><figure><img loading=\"lazy\" decoding=\"async\" width=\"787\" height=\"581\" src=\"http:\/\/www.tucomarca.com\/wordpress\/segunda\/wp-content\/uploads\/2020\/11\/CortesVioleta6.jpg\" alt=\"\" data-id=\"120326\" data-link=\"http:\/\/www.tucomarca.com\/wordpress\/segunda\/?attachment_id=120326\" class=\"wp-image-120326\" srcset=\"https:\/\/www.tucomarca.com\/wordpress\/segunda\/wp-content\/uploads\/2020\/11\/CortesVioleta6.jpg 787w, https:\/\/www.tucomarca.com\/wordpress\/segunda\/wp-content\/uploads\/2020\/11\/CortesVioleta6-300x221.jpg 300w, https:\/\/www.tucomarca.com\/wordpress\/segunda\/wp-content\/uploads\/2020\/11\/CortesVioleta6-768x567.jpg 768w, https:\/\/www.tucomarca.com\/wordpress\/segunda\/wp-content\/uploads\/2020\/11\/CortesVioleta6-80x60.jpg 80w\" sizes=\"auto, (max-width: 787px) 100vw, 787px\" \/><\/figure><\/li><li class=\"blocks-gallery-item\"><figure><img loading=\"lazy\" decoding=\"async\" width=\"768\" height=\"1024\" src=\"http:\/\/www.tucomarca.com\/wordpress\/segunda\/wp-content\/uploads\/2020\/11\/CortesVioleta2-768x1024.jpg\" alt=\"\" data-id=\"120313\" data-link=\"http:\/\/www.tucomarca.com\/wordpress\/segunda\/?attachment_id=120313\" class=\"wp-image-120313\" srcset=\"https:\/\/www.tucomarca.com\/wordpress\/segunda\/wp-content\/uploads\/2020\/11\/CortesVioleta2-768x1024.jpg 768w, https:\/\/www.tucomarca.com\/wordpress\/segunda\/wp-content\/uploads\/2020\/11\/CortesVioleta2-225x300.jpg 225w, https:\/\/www.tucomarca.com\/wordpress\/segunda\/wp-content\/uploads\/2020\/11\/CortesVioleta2.jpg 787w\" sizes=\"auto, (max-width: 768px) 100vw, 768px\" \/><\/figure><\/li><li class=\"blocks-gallery-item\"><figure><img loading=\"lazy\" decoding=\"async\" width=\"768\" height=\"1024\" src=\"http:\/\/www.tucomarca.com\/wordpress\/segunda\/wp-content\/uploads\/2020\/11\/CortesVioleta-768x1024.jpg\" alt=\"\" data-id=\"120311\" data-link=\"http:\/\/www.tucomarca.com\/wordpress\/segunda\/?attachment_id=120311\" class=\"wp-image-120311\" srcset=\"https:\/\/www.tucomarca.com\/wordpress\/segunda\/wp-content\/uploads\/2020\/11\/CortesVioleta-768x1024.jpg 768w, https:\/\/www.tucomarca.com\/wordpress\/segunda\/wp-content\/uploads\/2020\/11\/CortesVioleta-225x300.jpg 225w, https:\/\/www.tucomarca.com\/wordpress\/segunda\/wp-content\/uploads\/2020\/11\/CortesVioleta.jpg 787w\" sizes=\"auto, (max-width: 768px) 100vw, 768px\" \/><\/figure><\/li><\/ul>\n","protected":false},"excerpt":{"rendered":"<div class=\"mh-excerpt\">L&#8217;Ajuntament de Cortes de Pallars, a trav\u00e9s d&#8217;l&#8217;\u00e0rea de Serveis Socials que administra Sonia Iranzo, ha organitzat un seguit d&#8217;actes amb motiu de l&#8217;25N que han comen\u00e7at amb la lectura d&#8217;un manifest contra la viol\u00e8ncia <a class=\"mh-excerpt-more\" href=\"https:\/\/www.tucomarca.com\/wordpress\/segunda\/ca\/fotogaleria-el-municipi-de-cortes-de-pallas-es-tenyeix-de-violeta-pel-25-n\/\" title=\"Fotogaleria: El municipi de Cortes de Pall\u00e0s es tenyeix de violeta pel 25-N\">[+] <\/a><\/div>\n","protected":false},"author":12,"featured_media":120316,"comment_status":"open","ping_status":"open","sticky":false,"template":"","format":"gallery","meta":{"footnotes":""},"categories":[10951,10953,10948,10894,10896],"tags":[13086,13087,10392,11230,11436,11440],"class_list":{"0":"post-120334","1":"post","2":"type-post","3":"status-publish","4":"format-gallery","5":"has-post-thumbnail","7":"category-ayora-cofrentes-ca","8":"category-cortes-de-pallas-ca","9":"category-infraestructuras-ca","10":"category-la-comarca-ca","11":"category-seccion-ca","12":"tag-25n","13":"tag-25n-ca","14":"tag-cortes-de-pallas","15":"tag-cortes-de-pallas-ca","16":"tag-valle-de-ayora-cofrentes","17":"tag-valle-de-ayora-cofrentes-ca","18":"post_format-post-format-gallery"},"_links":{"self":[{"href":"https:\/\/www.tucomarca.com\/wordpress\/segunda\/ca\/wp-json\/wp\/v2\/posts\/120334","targetHints":{"allow":["GET"]}}],"collection":[{"href":"https:\/\/www.tucomarca.com\/wordpress\/segunda\/ca\/wp-json\/wp\/v2\/posts"}],"about":[{"href":"https:\/\/www.tucomarca.com\/wordpress\/segunda\/ca\/wp-json\/wp\/v2\/types\/post"}],"author":[{"embeddable":true,"href":"https:\/\/www.tucomarca.com\/wordpress\/segunda\/ca\/wp-json\/wp\/v2\/users\/12"}],"replies":[{"embeddable":true,"href":"https:\/\/www.tucomarca.com\/wordpress\/segunda\/ca\/wp-json\/wp\/v2\/comments?post=120334"}],"version-history":[{"count":0,"href":"https:\/\/www.tucomarca.com\/wordpress\/segunda\/ca\/wp-json\/wp\/v2\/posts\/120334\/revisions"}],"wp:featuredmedia":[{"embeddable":true,"href":"https:\/\/www.tucomarca.com\/wordpress\/segunda\/ca\/wp-json\/wp\/v2\/media\/120316"}],"wp:attachment":[{"href":"https:\/\/www.tucomarca.com\/wordpress\/segunda\/ca\/wp-json\/wp\/v2\/media?parent=120334"}],"wp:term":[{"taxonomy":"category","embeddable":true,"href":"https:\/\/www.tucomarca.com\/wordpress\/segunda\/ca\/wp-json\/wp\/v2\/categories?post=120334"},{"taxonomy":"post_tag","embeddable":true,"href":"https:\/\/www.tucomarca.com\/wordpress\/segunda\/ca\/wp-json\/wp\/v2\/tags?post=120334"}],"curies":[{"name":"wp","href":"https:\/\/api.w.org\/{rel}","templated":true}]}}