{"id":120439,"date":"2020-11-27T08:00:53","date_gmt":"2020-11-27T07:00:53","guid":{"rendered":"http:\/\/www.tucomarca.com\/wordpress\/segunda\/?p=120439"},"modified":"2020-11-27T20:36:44","modified_gmt":"2020-11-27T19:36:44","slug":"teatre-i-molta-musica-a-bunyol-aquest-cap-de-setmana-sota-el-lema-la-cultura-es-segura","status":"publish","type":"post","link":"https:\/\/www.tucomarca.com\/wordpress\/segunda\/ca\/teatre-i-molta-musica-a-bunyol-aquest-cap-de-setmana-sota-el-lema-la-cultura-es-segura\/","title":{"rendered":"Teatre i molta m\u00fasica a Bunyol aquest cap de setmana sota el lema &#8220;la Cultura \u00e9s segura&#8221;"},"content":{"rendered":"\n<h4 class=\"wp-block-heading\">L&#8217;obra reivindicativa &#8220;Les Pelades&#8221;, un concert de jazz, un altre de m\u00fasica cl\u00e0ssica i un altre de rock garanteixen un cap de setmana \u00fanic i de qualitat en diferents enclavaments de Bunyol i sempre seguint mesures anti-Covid19.<\/h4>\n\n\n\n<p>Juan Luis Pall\u00e0s, regidor de Cultura de l&#8217;Ajuntament de Bunyol, informa una setmana m\u00e9s del conjunt d&#8217;activitats culturals que centren l&#8217;atenci\u00f3 aquest cap de setmana a la localitat, sempre seguint totes les mesures anti-Covid19 perqu\u00e8 la cultura \u00e9s segura i comptem amb excel\u00b7lents ubicacions \u00e0mplies, espaioses, &#8220;que permeten guardar les dist\u00e0ncies i gaudir d&#8217;unes tipus de m\u00fasica, reflex de la nostra idiosincr\u00e0sia, de la nostra ra\u00f3 de ser&#8221;.<\/p>\n\n\n\n<p> Aquest divendres 27 de novembre al Teatre Montecarlo de Bunyol es va a representar l&#8217;obra de teatre &#8220;Les Pelades&#8221;. \u00c9s una obra produ\u00efda per les anhelades Produccions, i suposa un homenatge a les dones que van ser rapats de cap i celles, passejades nues pels pobles i obligades a prendre oli de ric\u00ed, en el millor dels casos, per ser esposes, mares o filles de presumptes vermells.<\/p>\n\n\n\n<p>Tots els que vulguen assistir poden comprar la seva entrada anticipada a Kiosko Desy, Modes Marina, Drogueria La Pla\u00e7a i Biblioteca Municipal a 10 \u20ac. A taquilla seran a 12 \u20ac. L&#8217;aforament de teatre est\u00e0 limitat a 300 persones. Aquesta obra \u00e9s un viatge d&#8217;anada i tornada entre dos mons paral\u00b7lels separats en el temps i units en la mem\u00f2ria. \u00c9s una mirada tendra a la vellesa i el que comporta quan arriba i no se la veu venir.<\/p>\n\n\n\n<p>Dissabte a les 19h arrenca el projecte &#8220;Montecarlo \u00e9s Cultura&#8221; amb la presentaci\u00f3 del disc &#8220;No em vagis a enganyar&#8221; de l&#8217;saxofonista Leandro Perpiny\u00e0 i el pianista en la vetllada titulada &#8220;No em vagis a enganyar&#8221;. Tamb\u00e9 comptar\u00e0 amb l&#8217;actuaci\u00f3 de JAT Jazz Quartet. Aquest acte est\u00e0 organitzat per la Societat Musical L&#8217;Art\u00edstica de Bunyol.<\/p>\n\n\n\n<p>Amb aforament limitat i complint amb les mesures de seguretat que requereix la situaci\u00f3 actual, el Teatre Montecarlo de Bunyol acollir\u00e0 aquesta vetllada de jazz \u00fanica per a la qual ja estan a la venda les entrades de manera anticipada. Amb un preu de 8 \u20ac, 6 \u20ac per als socis de L&#8217;Art\u00edstica, les entrades ja estan a la venda a la Secretaria de la Societat Musical L&#8217;Art\u00edstica i mitjan\u00e7ant el correu electr\u00f2nic comunicacion@laartistica.org.<\/p>\n\n\n\n<p> A m\u00e9s, el diumenge ens esperen dos grans concerts de tem\u00e0tiques musicals completament diferents. A les 12h a la Sala d&#8217;el Oscurico de el Castell de Bunyol tindr\u00e0 lloc un concert anomenat &#8220;Komorebi&#8221; a c\u00e0rrec de l&#8217;Quartet Senalag, anomenat &#8220;la llum que es filtra a trav\u00e9s de les fulles d&#8217;un arbre&#8221;. L&#8217;entrada \u00e9s gratu\u00efta, l&#8217;aforament \u00e9s limitat. Per assistir a aquest concert cal inscriure a la Biblioteca P\u00fablica Municipal de la localitat. El programa que s&#8217;escoltar\u00e0 ser\u00e0: &#8220;In the mood for love&#8221; &#8211; \u200b\u200bYumeji &#8216;s Theme de Shigeru Umebayashi; despr\u00e9s String Quartet N\u00ba3 &#8220;Mishima&#8221; de Philip Glass; seguidament &#8220;El Castell en el cel&#8221; de Joe Hisaishi; en quart lloc s&#8217;escoltar\u00e0 &#8220;Legend of Zelda Medley&#8221; de Koji Kondo (arr. Gareth Millshap) i finalment, &#8220;More than love&#8221; de la Yoyo Chen. Els int\u00e8rprets de Senalag s\u00f3n: Trinitat Gal\u00e1n Parra (viol\u00ed), Mar\u00eda Gal\u00e1n Parra (viol\u00ed), Al\u00edcia Ramada Balaguer (viola) i Clara Dols Garc\u00eda (violoncel). Aquest acte est\u00e0 organitzat per la Regidoria de Cultura de Bunyol.<\/p>\n\n\n\n<p>I a les 18h al Palau de la M\u00fasica de la localitat Frank Sailor presentar\u00e0 el seu \u00faltim disc: &#8220;Ac\u00fastic&#8221;. A un preu de 5 \u20ac, l&#8217;aforament estar\u00e0 limitat. Les entrades estan a la venda a la Biblioteca Municipal. L&#8217;Ajuntament recorda que aquest esdeveniment est\u00e0 organitzat per la Regidoria de Joventut de Bunyol.<\/p>\n\n\n\n<ul class=\"wp-block-gallery columns-2 is-cropped wp-block-gallery-1 is-layout-flex wp-block-gallery-is-layout-flex\"><li class=\"blocks-gallery-item\"><figure><img loading=\"lazy\" decoding=\"async\" width=\"724\" height=\"1024\" src=\"http:\/\/www.tucomarca.com\/wordpress\/segunda\/wp-content\/uploads\/2020\/11\/Jazz-724x1024.jpg\" alt=\"\" data-id=\"120433\" data-link=\"https:\/\/www.tucomarca.com\/wordpress\/segunda\/?attachment_id=120433\" class=\"wp-image-120433\" srcset=\"https:\/\/www.tucomarca.com\/wordpress\/segunda\/wp-content\/uploads\/2020\/11\/Jazz-724x1024.jpg 724w, https:\/\/www.tucomarca.com\/wordpress\/segunda\/wp-content\/uploads\/2020\/11\/Jazz-212x300.jpg 212w, https:\/\/www.tucomarca.com\/wordpress\/segunda\/wp-content\/uploads\/2020\/11\/Jazz-768x1086.jpg 768w, https:\/\/www.tucomarca.com\/wordpress\/segunda\/wp-content\/uploads\/2020\/11\/Jazz.jpg 787w\" sizes=\"auto, (max-width: 724px) 100vw, 724px\" \/><\/figure><\/li><li class=\"blocks-gallery-item\"><figure><img loading=\"lazy\" decoding=\"async\" width=\"787\" height=\"578\" src=\"http:\/\/www.tucomarca.com\/wordpress\/segunda\/wp-content\/uploads\/2020\/11\/senalag.jpg\" alt=\"\" data-id=\"120435\" data-link=\"https:\/\/www.tucomarca.com\/wordpress\/segunda\/?attachment_id=120435\" class=\"wp-image-120435\" srcset=\"https:\/\/www.tucomarca.com\/wordpress\/segunda\/wp-content\/uploads\/2020\/11\/senalag.jpg 787w, https:\/\/www.tucomarca.com\/wordpress\/segunda\/wp-content\/uploads\/2020\/11\/senalag-300x220.jpg 300w, https:\/\/www.tucomarca.com\/wordpress\/segunda\/wp-content\/uploads\/2020\/11\/senalag-768x564.jpg 768w, https:\/\/www.tucomarca.com\/wordpress\/segunda\/wp-content\/uploads\/2020\/11\/senalag-80x60.jpg 80w\" sizes=\"auto, (max-width: 787px) 100vw, 787px\" \/><\/figure><\/li><\/ul>\n","protected":false},"excerpt":{"rendered":"<div class=\"mh-excerpt\">L&#8217;obra reivindicativa &#8220;Les Pelades&#8221;, un concert de jazz, un altre de m\u00fasica cl\u00e0ssica i un altre de rock garanteixen un cap de setmana \u00fanic i de qualitat en diferents enclavaments de Bunyol i sempre seguint <a class=\"mh-excerpt-more\" href=\"https:\/\/www.tucomarca.com\/wordpress\/segunda\/ca\/teatre-i-molta-musica-a-bunyol-aquest-cap-de-setmana-sota-el-lema-la-cultura-es-segura\/\" title=\"Teatre i molta m\u00fasica a Bunyol aquest cap de setmana sota el lema &#8220;la Cultura \u00e9s segura&#8221;\">[+] <\/a><\/div>\n","protected":false},"author":12,"featured_media":120432,"comment_status":"open","ping_status":"open","sticky":false,"template":"","format":"standard","meta":{"footnotes":""},"categories":[10911,12202,10894,10912,11007,10896],"tags":[10385,13123,5952],"class_list":{"0":"post-120439","1":"post","2":"type-post","3":"status-publish","4":"format-standard","5":"has-post-thumbnail","7":"category-bunol-ca","8":"category-covid-19-ca","9":"category-la-comarca-ca","10":"category-la-hoya-ca","11":"category-ocio-y-cultura-ca","12":"category-seccion-ca","13":"tag-bunol","14":"tag-la-cultura-es-segura","15":"tag-la-hoya-de-bunol-chiva"},"_links":{"self":[{"href":"https:\/\/www.tucomarca.com\/wordpress\/segunda\/ca\/wp-json\/wp\/v2\/posts\/120439","targetHints":{"allow":["GET"]}}],"collection":[{"href":"https:\/\/www.tucomarca.com\/wordpress\/segunda\/ca\/wp-json\/wp\/v2\/posts"}],"about":[{"href":"https:\/\/www.tucomarca.com\/wordpress\/segunda\/ca\/wp-json\/wp\/v2\/types\/post"}],"author":[{"embeddable":true,"href":"https:\/\/www.tucomarca.com\/wordpress\/segunda\/ca\/wp-json\/wp\/v2\/users\/12"}],"replies":[{"embeddable":true,"href":"https:\/\/www.tucomarca.com\/wordpress\/segunda\/ca\/wp-json\/wp\/v2\/comments?post=120439"}],"version-history":[{"count":0,"href":"https:\/\/www.tucomarca.com\/wordpress\/segunda\/ca\/wp-json\/wp\/v2\/posts\/120439\/revisions"}],"wp:featuredmedia":[{"embeddable":true,"href":"https:\/\/www.tucomarca.com\/wordpress\/segunda\/ca\/wp-json\/wp\/v2\/media\/120432"}],"wp:attachment":[{"href":"https:\/\/www.tucomarca.com\/wordpress\/segunda\/ca\/wp-json\/wp\/v2\/media?parent=120439"}],"wp:term":[{"taxonomy":"category","embeddable":true,"href":"https:\/\/www.tucomarca.com\/wordpress\/segunda\/ca\/wp-json\/wp\/v2\/categories?post=120439"},{"taxonomy":"post_tag","embeddable":true,"href":"https:\/\/www.tucomarca.com\/wordpress\/segunda\/ca\/wp-json\/wp\/v2\/tags?post=120439"}],"curies":[{"name":"wp","href":"https:\/\/api.w.org\/{rel}","templated":true}]}}