{"id":120466,"date":"2020-11-27T06:55:13","date_gmt":"2020-11-27T05:55:13","guid":{"rendered":"http:\/\/www.tucomarca.com\/wordpress\/segunda\/?p=120466"},"modified":"2020-11-28T13:20:15","modified_gmt":"2020-11-28T12:20:15","slug":"ava-asaja-valora-la-rectificacio-de-consum-de-pujar-liva-a-lsuc-de-taronja-davant-les-critiques-de-el-sector","status":"publish","type":"post","link":"https:\/\/www.tucomarca.com\/wordpress\/segunda\/ca\/ava-asaja-valora-la-rectificacio-de-consum-de-pujar-liva-a-lsuc-de-taronja-davant-les-critiques-de-el-sector\/","title":{"rendered":"AVA-Asaja valora la rectificaci\u00f3 de Consum de pujar l&#8217;IVA a l&#8217;suc de taronja davant les cr\u00edtiques de el sector"},"content":{"rendered":"\n<p>L&#8217;Associaci\u00f3 Valenciana d&#8217;Agricultors (AVA-ASAJA) valora de manera positiva el comprom\u00eds que el ministre de Consum, Alberto Garz\u00f3n, ha transm\u00e8s a la Regi\u00f3 de M\u00farcia d&#8217;excloure el suc de taronja, aix\u00ed com la resta de sucs i n\u00e8ctars de fruites sense sucres afegits, de la imminent pujada de l&#8217;IVA, de l&#8217;10 a l&#8217;21%, \u200b\u200ba les begudes ensucrades i edulcorades.<\/p>\n\n\n\n<p>El conseller d&#8217;Agricultura de M\u00farcia, Antonio Luengo, va comunicar ahir a les associacions vinculades a el sector dels sucs i n\u00e8ctars el comprom\u00eds obtingut de el ministre Garz\u00f3n, el qual suposa, segons el parer d&#8217;AVA-ASAJA, &#8220;una rectificaci\u00f3 justa davant les cr\u00edtiques de camp que evita tant un cop a la imatge saludable d&#8217;aquest icon de la dieta mediterr\u00e0nia com un impacte econ\u00f2mic al conjunt de el sector citr\u00edcola&#8221;. <\/p>\n\n\n\n<p>L&#8217;associaci\u00f3, que consideraria aquesta pujada de l&#8217;IVA al suc de taronja un &#8220;aut\u00e8ntic desprop\u00f2sit&#8221;, sol\u00b7licita a el ministre de Consum que confirme com m\u00e9s aviat i de manera oficial l&#8217;exclusi\u00f3 dels sucs i n\u00e8ctars sense sucres afegits de l&#8217;aplicaci\u00f3 de l&#8217;m\u00e0xim impost de l&#8217;IVA.<\/p>\n\n\n\n<p>El president d&#8217;AVA-ASAJA, Crist\u00f3bal Aguado, conclou que &#8220;l&#8217;afany recaptatori de el Govern central est\u00e0 resultant desmesurat i no ha de caure en la incoher\u00e8ncia de gravar amb m\u00e9s impostos productes com el suc de taronja la ingesta \u00e9s recomanada per les seves excepcionals qualitats. Encara que aquest pas enrere \u00e9s una bona not\u00edcia, tenim molts exemples d&#8217;impostos, sancions i criminalitzacions que les administracions estan exercint sobre l&#8217;activitat empresarial i agr\u00e0ria. La nostra classe pol\u00edtica ha de deixar de posar traves i fer m\u00e9s \u00e8mfasi en la recuperaci\u00f3 econ\u00f2mica, sobretot amb la crisi sanit\u00e0ria que travessem, i aix\u00f2 passa necess\u00e0riament per aplicar m\u00e9s est\u00edmuls i incentius&#8221; conclou Aguado. Informa, <strong>Luis Ib\u00e1\u00f1ez.<\/strong><\/p>\n","protected":false},"excerpt":{"rendered":"<div class=\"mh-excerpt\">L&#8217;Associaci\u00f3 Valenciana d&#8217;Agricultors (AVA-ASAJA) valora de manera positiva el comprom\u00eds que el ministre de Consum, Alberto Garz\u00f3n, ha transm\u00e8s a la Regi\u00f3 de M\u00farcia d&#8217;excloure el suc de taronja, aix\u00ed com la resta de sucs <a class=\"mh-excerpt-more\" href=\"https:\/\/www.tucomarca.com\/wordpress\/segunda\/ca\/ava-asaja-valora-la-rectificacio-de-consum-de-pujar-liva-a-lsuc-de-taronja-davant-les-critiques-de-el-sector\/\" title=\"AVA-Asaja valora la rectificaci\u00f3 de Consum de pujar l&#8217;IVA a l&#8217;suc de taronja davant les cr\u00edtiques de el sector\">[+] <\/a><\/div>\n","protected":false},"author":12,"featured_media":120465,"comment_status":"open","ping_status":"open","sticky":false,"template":"","format":"standard","meta":{"footnotes":""},"categories":[10905,10898,10894,10904,10912,10902,10896],"tags":[328,13129,13128],"class_list":{"0":"post-120466","1":"post","2":"type-post","3":"status-publish","4":"format-standard","5":"has-post-thumbnail","7":"category-agricultura-la-comarca-ca","8":"category-ventana-ca","9":"category-la-comarca-ca","10":"category-sin-categorizar-ca","11":"category-la-hoya-ca","12":"category-la-ribera-ca","13":"category-seccion-ca","14":"tag-ava-asaja","15":"tag-sector-citricola","16":"tag-zumo-de-naranja"},"_links":{"self":[{"href":"https:\/\/www.tucomarca.com\/wordpress\/segunda\/ca\/wp-json\/wp\/v2\/posts\/120466","targetHints":{"allow":["GET"]}}],"collection":[{"href":"https:\/\/www.tucomarca.com\/wordpress\/segunda\/ca\/wp-json\/wp\/v2\/posts"}],"about":[{"href":"https:\/\/www.tucomarca.com\/wordpress\/segunda\/ca\/wp-json\/wp\/v2\/types\/post"}],"author":[{"embeddable":true,"href":"https:\/\/www.tucomarca.com\/wordpress\/segunda\/ca\/wp-json\/wp\/v2\/users\/12"}],"replies":[{"embeddable":true,"href":"https:\/\/www.tucomarca.com\/wordpress\/segunda\/ca\/wp-json\/wp\/v2\/comments?post=120466"}],"version-history":[{"count":0,"href":"https:\/\/www.tucomarca.com\/wordpress\/segunda\/ca\/wp-json\/wp\/v2\/posts\/120466\/revisions"}],"wp:featuredmedia":[{"embeddable":true,"href":"https:\/\/www.tucomarca.com\/wordpress\/segunda\/ca\/wp-json\/wp\/v2\/media\/120465"}],"wp:attachment":[{"href":"https:\/\/www.tucomarca.com\/wordpress\/segunda\/ca\/wp-json\/wp\/v2\/media?parent=120466"}],"wp:term":[{"taxonomy":"category","embeddable":true,"href":"https:\/\/www.tucomarca.com\/wordpress\/segunda\/ca\/wp-json\/wp\/v2\/categories?post=120466"},{"taxonomy":"post_tag","embeddable":true,"href":"https:\/\/www.tucomarca.com\/wordpress\/segunda\/ca\/wp-json\/wp\/v2\/tags?post=120466"}],"curies":[{"name":"wp","href":"https:\/\/api.w.org\/{rel}","templated":true}]}}