{"id":120474,"date":"2020-11-27T20:20:27","date_gmt":"2020-11-27T19:20:27","guid":{"rendered":"http:\/\/www.tucomarca.com\/wordpress\/segunda\/?p=120474"},"modified":"2020-11-28T13:28:34","modified_gmt":"2020-11-28T12:28:34","slug":"lajuntament-de-xest-publica-el-llistat-provisional-de-comercos-beneficiaris-de-les-ajudes-per-palliar-els-efectes-de-la-pandemia","status":"publish","type":"post","link":"https:\/\/www.tucomarca.com\/wordpress\/segunda\/ca\/lajuntament-de-xest-publica-el-llistat-provisional-de-comercos-beneficiaris-de-les-ajudes-per-palliar-els-efectes-de-la-pandemia\/","title":{"rendered":"L&#8217;Ajuntament de Xest publica el llistat provisional de comer\u00e7os beneficiaris de les ajudes per pal\u00b7liar els efectes de la pand\u00e8mia"},"content":{"rendered":"\n<h4 class=\"wp-block-heading\">Des del 26 de novembre, s&#8217;obre un per\u00edode d&#8217;al\u00b7legacions per termini de 10 dies i el pagament de les ajudes es far\u00e0 efectiu a finals de desembre<\/h4>\n\n\n\n<p>L&#8217;Ajuntament ha publicat la resoluci\u00f3 provisional d&#8217;empreses benefici\u00e0ries dels ajuts que l&#8217;Ajuntament va convocar el passat mes de setembre amb la finalitat de pal\u00b7liar la p\u00e8rdua d&#8217;ingressos a causa de l&#8217;estat d&#8217;alarma. D&#8217;una banda, es va convocar una l\u00ednia de subvenci\u00f3 destinada als comer\u00e7os que van haver de tancar, per import de 1.600 euros. A m\u00e9s, els negocis locals que van disminuir els seus guanys a causa de la crisi sanit\u00e0ria han pogut optar a ajudes de 800 i 500 euros, en funci\u00f3 de la quantia de les p\u00e8rdues.<\/p>\n\n\n\n<p>El llistat provisional de sol\u00b7licituds admeses i excloses ja es pot consultar al web municipal ia la seu electr\u00f2nica de l&#8217;Ajuntament (cheste.sedelectronica.es). Des de hui, 26 de novembre, s&#8217;obre un per\u00edode d&#8217;al\u00b7legacions per termini de 10 dies, despr\u00e9s dels quals es publicar\u00e0 el llistat definitiu. El pagament es far\u00e0 efectiu abans de finalitzar l&#8217;any.<\/p>\n\n\n\n<p>&#8220;Les ajudes a la reobertura es van a concedir a el 99% dels sol\u00b7licitants i, en el cas de la l\u00ednia per p\u00e8rdua d&#8217;ingressos, a prop de la meitat, ja que s&#8217;han presentat nombroses sol\u00b7licituds que no complien els requisits&#8221;, ha explicat l&#8217;alcalde, Jos\u00e9 Morell. &#8220;a m\u00e9s, l&#8217;Ajuntament est\u00e0 estudiant una nova convocat\u00f2ria per a abastar a establiments que no hagen estat beneficiaris aquesta ocasi\u00f3&#8221;.<\/p>\n\n\n\n<p>Aquests ajuts s&#8217;emmarquen en el Pla Reactiva Xest, pactat per tots els grups pol\u00edtics amb representaci\u00f3 al Consistori, que preveu diferents mesures per a la reactivaci\u00f3 econ\u00f2mica de la localitat.<\/p>\n","protected":false},"excerpt":{"rendered":"<div class=\"mh-excerpt\">Des del 26 de novembre, s&#8217;obre un per\u00edode d&#8217;al\u00b7legacions per termini de 10 dies i el pagament de les ajudes es far\u00e0 efectiu a finals de desembre L&#8217;Ajuntament ha publicat la resoluci\u00f3 provisional d&#8217;empreses benefici\u00e0ries <a class=\"mh-excerpt-more\" href=\"https:\/\/www.tucomarca.com\/wordpress\/segunda\/ca\/lajuntament-de-xest-publica-el-llistat-provisional-de-comercos-beneficiaris-de-les-ajudes-per-palliar-els-efectes-de-la-pandemia\/\" title=\"L&#8217;Ajuntament de Xest publica el llistat provisional de comer\u00e7os beneficiaris de les ajudes per pal\u00b7liar els efectes de la pand\u00e8mia\">[+] <\/a><\/div>\n","protected":false},"author":12,"featured_media":89187,"comment_status":"open","ping_status":"open","sticky":false,"template":"","format":"standard","meta":{"footnotes":""},"categories":[12202,10948,10894,10912,10947,10896,10974],"tags":[13103,11071,11939,11940,10914,13133],"class_list":{"0":"post-120474","1":"post","2":"type-post","3":"status-publish","4":"format-standard","5":"has-post-thumbnail","7":"category-covid-19-ca","8":"category-infraestructuras-ca","9":"category-la-comarca-ca","10":"category-la-hoya-ca","11":"category-politica","12":"category-seccion-ca","13":"category-cheste-ca","14":"tag-ayudas-al-comercio-ca","15":"tag-cheste","16":"tag-coronavirus-ca","17":"tag-covid-19-ca","18":"tag-la-hoya-de-bunol-chiva-ca","19":"tag-pandemia-ca"},"_links":{"self":[{"href":"https:\/\/www.tucomarca.com\/wordpress\/segunda\/ca\/wp-json\/wp\/v2\/posts\/120474","targetHints":{"allow":["GET"]}}],"collection":[{"href":"https:\/\/www.tucomarca.com\/wordpress\/segunda\/ca\/wp-json\/wp\/v2\/posts"}],"about":[{"href":"https:\/\/www.tucomarca.com\/wordpress\/segunda\/ca\/wp-json\/wp\/v2\/types\/post"}],"author":[{"embeddable":true,"href":"https:\/\/www.tucomarca.com\/wordpress\/segunda\/ca\/wp-json\/wp\/v2\/users\/12"}],"replies":[{"embeddable":true,"href":"https:\/\/www.tucomarca.com\/wordpress\/segunda\/ca\/wp-json\/wp\/v2\/comments?post=120474"}],"version-history":[{"count":0,"href":"https:\/\/www.tucomarca.com\/wordpress\/segunda\/ca\/wp-json\/wp\/v2\/posts\/120474\/revisions"}],"wp:featuredmedia":[{"embeddable":true,"href":"https:\/\/www.tucomarca.com\/wordpress\/segunda\/ca\/wp-json\/wp\/v2\/media\/89187"}],"wp:attachment":[{"href":"https:\/\/www.tucomarca.com\/wordpress\/segunda\/ca\/wp-json\/wp\/v2\/media?parent=120474"}],"wp:term":[{"taxonomy":"category","embeddable":true,"href":"https:\/\/www.tucomarca.com\/wordpress\/segunda\/ca\/wp-json\/wp\/v2\/categories?post=120474"},{"taxonomy":"post_tag","embeddable":true,"href":"https:\/\/www.tucomarca.com\/wordpress\/segunda\/ca\/wp-json\/wp\/v2\/tags?post=120474"}],"curies":[{"name":"wp","href":"https:\/\/api.w.org\/{rel}","templated":true}]}}