{"id":120534,"date":"2020-11-27T23:55:36","date_gmt":"2020-11-27T22:55:36","guid":{"rendered":"http:\/\/www.tucomarca.com\/wordpress\/segunda\/?p=120534"},"modified":"2020-11-28T12:20:23","modified_gmt":"2020-11-28T11:20:23","slug":"suspes-el-partit-cd-bunol-udj-barri-de-lcrist-per-un-positiu-en-covid-19-a-lequip-visitant","status":"publish","type":"post","link":"https:\/\/www.tucomarca.com\/wordpress\/segunda\/ca\/suspes-el-partit-cd-bunol-udj-barri-de-lcrist-per-un-positiu-en-covid-19-a-lequip-visitant\/","title":{"rendered":"Susp\u00e8s el partit CD Bu\u00f1ol- UDJ Barri de l&#8217;Crist per un positiu en Covid-19 a l&#8217;equip visitant"},"content":{"rendered":"\n<p>El partit de futbol de la setena jornada de lliga a Regional Preferent Grup tercer que havia d&#8217;enfrontar aquest dissabte a la tarda a partir de les 16,30 hores al Beltr\u00e1n B\u00e1guena a el Club Esportiu Bunyol contra el UDJ Joventut Barri de l&#8217;Crist ha hagut de ser susp\u00e8s per un positiu en Covid-19 a l&#8217;equip visitant. <\/p>\n\n\n\n<p>El partit, que anava ser a porta tancada per les limitacions imposades per la Generalitat Valenciana per a combatre l&#8217;expansi\u00f3 de la pand\u00e8mia per Covid-19, es realitzar\u00e0 en pr\u00f2ximes dates.<\/p>\n","protected":false},"excerpt":{"rendered":"<div class=\"mh-excerpt\">El partit de futbol de la setena jornada de lliga a Regional Preferent Grup tercer que havia d&#8217;enfrontar aquest dissabte a la tarda a partir de les 16,30 hores al Beltr\u00e1n B\u00e1guena a el Club <a class=\"mh-excerpt-more\" href=\"https:\/\/www.tucomarca.com\/wordpress\/segunda\/ca\/suspes-el-partit-cd-bunol-udj-barri-de-lcrist-per-un-positiu-en-covid-19-a-lequip-visitant\/\" title=\"Susp\u00e8s el partit CD Bu\u00f1ol- UDJ Barri de l&#8217;Crist per un positiu en Covid-19 a l&#8217;equip visitant\">[+] <\/a><\/div>\n","protected":false},"author":1,"featured_media":101042,"comment_status":"open","ping_status":"open","sticky":false,"template":"","format":"standard","meta":{"footnotes":""},"categories":[10911,11015,11010,11003,10894,10912,10896,10897],"tags":[11126,11939,11940,10914],"class_list":{"0":"post-120534","1":"post","2":"type-post","3":"status-publish","4":"format-standard","5":"has-post-thumbnail","7":"category-bunol-ca","8":"category-canal-futbol","9":"category-canal-salud","10":"category-sports","11":"category-la-comarca-ca","12":"category-la-hoya-ca","13":"category-seccion-ca","14":"category-sucesos-la-comarca-ca","15":"tag-cd-bunol-ca","16":"tag-coronavirus-ca","17":"tag-covid-19-ca","18":"tag-la-hoya-de-bunol-chiva-ca"},"_links":{"self":[{"href":"https:\/\/www.tucomarca.com\/wordpress\/segunda\/ca\/wp-json\/wp\/v2\/posts\/120534","targetHints":{"allow":["GET"]}}],"collection":[{"href":"https:\/\/www.tucomarca.com\/wordpress\/segunda\/ca\/wp-json\/wp\/v2\/posts"}],"about":[{"href":"https:\/\/www.tucomarca.com\/wordpress\/segunda\/ca\/wp-json\/wp\/v2\/types\/post"}],"author":[{"embeddable":true,"href":"https:\/\/www.tucomarca.com\/wordpress\/segunda\/ca\/wp-json\/wp\/v2\/users\/1"}],"replies":[{"embeddable":true,"href":"https:\/\/www.tucomarca.com\/wordpress\/segunda\/ca\/wp-json\/wp\/v2\/comments?post=120534"}],"version-history":[{"count":0,"href":"https:\/\/www.tucomarca.com\/wordpress\/segunda\/ca\/wp-json\/wp\/v2\/posts\/120534\/revisions"}],"wp:featuredmedia":[{"embeddable":true,"href":"https:\/\/www.tucomarca.com\/wordpress\/segunda\/ca\/wp-json\/wp\/v2\/media\/101042"}],"wp:attachment":[{"href":"https:\/\/www.tucomarca.com\/wordpress\/segunda\/ca\/wp-json\/wp\/v2\/media?parent=120534"}],"wp:term":[{"taxonomy":"category","embeddable":true,"href":"https:\/\/www.tucomarca.com\/wordpress\/segunda\/ca\/wp-json\/wp\/v2\/categories?post=120534"},{"taxonomy":"post_tag","embeddable":true,"href":"https:\/\/www.tucomarca.com\/wordpress\/segunda\/ca\/wp-json\/wp\/v2\/tags?post=120534"}],"curies":[{"name":"wp","href":"https:\/\/api.w.org\/{rel}","templated":true}]}}