{"id":120559,"date":"2020-11-29T09:00:38","date_gmt":"2020-11-29T08:00:38","guid":{"rendered":"http:\/\/www.tucomarca.com\/wordpress\/segunda\/?p=120559"},"modified":"2020-11-29T17:14:05","modified_gmt":"2020-11-29T16:14:05","slug":"la-pobla-de-vallbona-aporta-7-casos-navarres-6-naquera-4-i-betera-3-als-1-201-ultims-nous-casos-de-coronavirus-registrats-a-la-comunitat","status":"publish","type":"post","link":"https:\/\/www.tucomarca.com\/wordpress\/segunda\/ca\/la-pobla-de-vallbona-aporta-7-casos-navarres-6-naquera-4-i-betera-3-als-1-201-ultims-nous-casos-de-coronavirus-registrats-a-la-comunitat\/","title":{"rendered":"La Pobla de Vallbona aporta 7 casos, Navarr\u00e9s 6, N\u00e0quera 4 i B\u00e9tera 3 als 1.201 \u00faltims nous casos de coronavirus registrats a la Comunitat"},"content":{"rendered":"\n<p>La Conselleria de Sanitat Universal i Salut P\u00fablica ha registrat 1.201 nous contagis de coronavirus confirmats per prova PCR o prova d&#8217;ant\u00edgens a la Comunitat Valenciana, que situen la xifra total de positius en 102.654 persones. Per prov\u00edncies, la distribuci\u00f3 \u00e9s la seg\u00fcent: 104 a Castell\u00f3 (11.535 en total), 394 a Alacant (35.124 en total) i 704 a la prov\u00edncia de Val\u00e8ncia (54.791 en total). A m\u00e9s, s&#8217;han reassignat els 2 casos que estaven sense assignar.<\/p>\n\n\n\n<p>D&#8217;altra banda, els hospitals valencians compten en aquests moments amb 1.259 persones ingressades: 122 a la prov\u00edncia de Castell\u00f3, amb 26 pacients en UCI; 391 persones en la d&#8217;Alacant, amb 99 a UCI; i 746 a la prov\u00edncia de Val\u00e8ncia, dels quals 157 es troben a la UCI.<\/p>\n\n\n\n<p><strong>Actualizaci\u00f3 brots de coronavirus<\/strong><\/p>\n\n\n\n<p>Nous brots: 16<\/p>\n\n\n\n<p>\u00b7 X\u00e0tiva: 8 casos. \u00c1mbito educativo<\/p>\n\n\n\n<p>\u00b7 Val\u00e8ncia: 7 casos. Origen social<\/p>\n\n\n\n<p>\u00b7 Sagunto: 4 casos. Origen social<\/p>\n\n\n\n<p>\u00b7 Alcoy: 4 casos. Origen social<\/p>\n\n\n\n<p>\u00b7 B\u00e9tera: 3 casos. Origen social&nbsp;<\/p>\n\n\n\n<p>\u00b7 Val\u00e8ncia: 3 casos. Origen social<\/p>\n\n\n\n<p>\u00b7 Val\u00e8ncia: 3 casos. Origen social<\/p>\n\n\n\n<p>\u00b7 Elda: 7 casos. Origen laboral<\/p>\n\n\n\n<p>\u00b7 Navarr\u00e9s: 6 casos. \u00c1mbito educativo<\/p>\n\n\n\n<p>\u00b7 Val\u00e8ncia: 6 casos. Origen social<\/p>\n\n\n\n<p>\u00b7 Pu\u00e7ol: 6 casos. Origen social<\/p>\n\n\n\n<p>\u00b7 Sedav\u00ed: 3 casos. Origen social<\/p>\n\n\n\n<p>\u00b7 Silla: 5 casos. Origen social<\/p>\n\n\n\n<p>\u00b7 N\u00e1quera: 4 casos. Origen social<\/p>\n\n\n\n<p>\u00b7 La Pobla de Vallbona: 7 casos. Origen social<\/p>\n\n\n\n<p>\u00b7 Val\u00e8ncia: 6 casos. \u00c1mbito social<\/p>\n","protected":false},"excerpt":{"rendered":"<div class=\"mh-excerpt\">La Conselleria de Sanitat Universal i Salut P\u00fablica ha registrat 1.201 nous contagis de coronavirus confirmats per prova PCR o prova d&#8217;ant\u00edgens a la Comunitat Valenciana, que situen la xifra total de positius en 102.654 <a class=\"mh-excerpt-more\" href=\"https:\/\/www.tucomarca.com\/wordpress\/segunda\/ca\/la-pobla-de-vallbona-aporta-7-casos-navarres-6-naquera-4-i-betera-3-als-1-201-ultims-nous-casos-de-coronavirus-registrats-a-la-comunitat\/\" title=\"La Pobla de Vallbona aporta 7 casos, Navarr\u00e9s 6, N\u00e0quera 4 i B\u00e9tera 3 als 1.201 \u00faltims nous casos de coronavirus registrats a la Comunitat\">[+] <\/a><\/div>\n","protected":false},"author":1,"featured_media":81290,"comment_status":"open","ping_status":"open","sticky":false,"template":"","format":"standard","meta":{"footnotes":""},"categories":[10937,10892,11010,12202,10898,10948,10963,10894,10904,10915,10903,10936,10971,10947,10896,10897],"tags":[10899,11939,11940],"class_list":{"0":"post-120559","1":"post","2":"type-post","3":"status-publish","4":"format-standard","5":"has-post-thumbnail","7":"category-betera-ca","8":"category-camp-de-turia-ca","9":"category-canal-salud","10":"category-covid-19-ca","11":"category-ventana-ca","12":"category-infraestructuras-ca","13":"category-la-canal-de-navarres-ca","14":"category-la-comarca-ca","15":"category-sin-categorizar-ca","16":"category-la-pobla-ca","17":"category-medio-ambiente-la-comarca-ca","18":"category-naquera-ca","19":"category-navarres-ca","20":"category-politica","21":"category-seccion-ca","22":"category-sucesos-la-comarca-ca","23":"tag-camp-de-turia-ca","24":"tag-coronavirus-ca","25":"tag-covid-19-ca"},"_links":{"self":[{"href":"https:\/\/www.tucomarca.com\/wordpress\/segunda\/ca\/wp-json\/wp\/v2\/posts\/120559","targetHints":{"allow":["GET"]}}],"collection":[{"href":"https:\/\/www.tucomarca.com\/wordpress\/segunda\/ca\/wp-json\/wp\/v2\/posts"}],"about":[{"href":"https:\/\/www.tucomarca.com\/wordpress\/segunda\/ca\/wp-json\/wp\/v2\/types\/post"}],"author":[{"embeddable":true,"href":"https:\/\/www.tucomarca.com\/wordpress\/segunda\/ca\/wp-json\/wp\/v2\/users\/1"}],"replies":[{"embeddable":true,"href":"https:\/\/www.tucomarca.com\/wordpress\/segunda\/ca\/wp-json\/wp\/v2\/comments?post=120559"}],"version-history":[{"count":0,"href":"https:\/\/www.tucomarca.com\/wordpress\/segunda\/ca\/wp-json\/wp\/v2\/posts\/120559\/revisions"}],"wp:featuredmedia":[{"embeddable":true,"href":"https:\/\/www.tucomarca.com\/wordpress\/segunda\/ca\/wp-json\/wp\/v2\/media\/81290"}],"wp:attachment":[{"href":"https:\/\/www.tucomarca.com\/wordpress\/segunda\/ca\/wp-json\/wp\/v2\/media?parent=120559"}],"wp:term":[{"taxonomy":"category","embeddable":true,"href":"https:\/\/www.tucomarca.com\/wordpress\/segunda\/ca\/wp-json\/wp\/v2\/categories?post=120559"},{"taxonomy":"post_tag","embeddable":true,"href":"https:\/\/www.tucomarca.com\/wordpress\/segunda\/ca\/wp-json\/wp\/v2\/tags?post=120559"}],"curies":[{"name":"wp","href":"https:\/\/api.w.org\/{rel}","templated":true}]}}