{"id":120577,"date":"2020-11-29T21:03:57","date_gmt":"2020-11-29T20:03:57","guid":{"rendered":"http:\/\/www.tucomarca.com\/wordpress\/segunda\/?p=120577"},"modified":"2020-11-30T02:28:11","modified_gmt":"2020-11-30T01:28:11","slug":"cheste-comptara-amb-contenidors-de-fraccio-organica-a-partir-de-desembre","status":"publish","type":"post","link":"https:\/\/www.tucomarca.com\/wordpress\/segunda\/ca\/cheste-comptara-amb-contenidors-de-fraccio-organica-a-partir-de-desembre\/","title":{"rendered":"Xest comptar\u00e0 amb contenidors de fracci\u00f3 org\u00e0nica a partir de desembre"},"content":{"rendered":"\n<h4 class=\"wp-block-heading\"><strong>Les persones interessades a separar les restes org\u00e0niques del seu fem dom\u00e8stic podran sol\u00b7licitar un kit de separaci\u00f3 de residus org\u00e0nics a partir del 30 de novembre en l&#8217;oficina de Turisme, consistent en un poal marr\u00f3, un rotllo de bosses biocompostables i la clau per a obrir el contenidor<\/strong><\/h4>\n\n\n\n<figure class=\"wp-block-image\"><img loading=\"lazy\" decoding=\"async\" width=\"787\" height=\"561\" src=\"http:\/\/www.tucomarca.com\/wordpress\/segunda\/wp-content\/uploads\/2020\/11\/ChestecontenMarron.jpg\" alt=\"\" class=\"wp-image-120574\" srcset=\"https:\/\/www.tucomarca.com\/wordpress\/segunda\/wp-content\/uploads\/2020\/11\/ChestecontenMarron.jpg 787w, https:\/\/www.tucomarca.com\/wordpress\/segunda\/wp-content\/uploads\/2020\/11\/ChestecontenMarron-300x214.jpg 300w, https:\/\/www.tucomarca.com\/wordpress\/segunda\/wp-content\/uploads\/2020\/11\/ChestecontenMarron-768x547.jpg 768w\" sizes=\"auto, (max-width: 787px) 100vw, 787px\" \/><\/figure>\n\n\n\n<p>El 30 de novembre es realitzar\u00e0 la bustiada d&#8217;un fullet informatiu pels domicilis de la localitat per donar a con\u00e8ixer el nou servei de recollida de restes org\u00e0niques. Les persones interessades a sol\u00b7licitar el kit de separaci\u00f3 d&#8217;aquest tipus de residus, consistent en un cubell marr\u00f3 de 7 litres, un rotllo de bosses biocompostables i la clau per obrir el contenidor; hauran de lliurar a l&#8217;oficina de Turisme el full d&#8217;inscripci\u00f3 que s&#8217;inclou en el fullet informatiu, totalment emplenada, a partir de l&#8217;30 de novembre.<\/p>\n\n\n\n<p>En total, s&#8217;ha previst el repartiment de 3.000 cubells de 7 litres i la instal\u00b7laci\u00f3 de 40 contenidors marrons de 1.100 litres, amb tapa plana i obertura amb clau.<\/p>\n\n\n\n<p>&#8220;Serem el primer municipi de la comarca a implantar aquest sistema de bioresidus, que aniran destinats a la producci\u00f3 de compost. Aquest nou servei de separaci\u00f3 de residus org\u00e0nics at\u00e9n el compliment de la normativa de la Uni\u00f3 Europea, que a partir del pr\u00f2xim any penalitzar\u00e0 les poblacions que no portin un 30% de bioresidus a planta &#8220;, ha declarat el regidor de Serveis, Jos\u00e9 Vicente Guijarro. &#8220;Amb una correcta separaci\u00f3 redu\u00efm l&#8217;impacte ambiental i convertim el residu en recurs; a m\u00e9s, si ens conscienciem per realitzar la separaci\u00f3 de pl\u00e0stic, cartr\u00f3, vidre, restes org\u00e0niques i escombraries no org\u00e0nica, aconseguirem reduir la taxa que actualment es paga&#8221;.<\/p>\n\n\n\n<p>D&#8217;altra banda, segons ha explicat el regidor, als grans productors, com cafeteries, bars i restaurants se&#8217;ls lliurar\u00e0 un cub de 120 litres, amb un vinil en qu\u00e8 s&#8217;explicar\u00e0 el tipus de residus que s&#8217;han de dipositar en ell, facilitant aix\u00ed que puguin realitzar la separaci\u00f3 d&#8217;org\u00e0nic en els seus comer\u00e7os.<\/p>\n\n\n\n<p><strong>Qu\u00e8 \u00e9s la fracci\u00f3 org\u00e0nica i quins residus es poden dipositar al contenidor marr\u00f3<\/strong><\/p>\n\n\n\n<p>La fracci\u00f3 org\u00e0nica \u00e9s la part de residus dom\u00e8stics que coneixem com a mat\u00e8ria org\u00e0nica o biodegradable, \u00e9s a dir, aquells residus d&#8217;origen vegetal o animal, com poden ser restes de menjar, closques d&#8217;ou, marisc i pells de fruites o vegetals, bosses d&#8217;infusions, filtres de caf\u00e8 i taps de suro; o tovallons i paper de cuina tacat amb restes de menjar.<\/p>\n\n\n\n<p><strong>Funcionament dels contenidors marrons<\/strong><\/p>\n\n\n\n<p>Per poder obrir els contenidors ser\u00e0 necess\u00e0ria la clau que es lliurar\u00e0 en el kit de separaci\u00f3 a les persones que ho sol\u00b7liciten. Els residus s&#8217;hauran de dipositar en bosses, preferiblement biocompostables, dins el contenidor i en l&#8217;horari establert, de 20 a 00 hores.<\/p>\n\n\n\n<p>Per donar a con\u00e8ixer aquest nou contenidor a la poblaci\u00f3, s&#8217;ha habilitat el web www.contenedormarron.com, on tamb\u00e9 s&#8217;exposa informaci\u00f3 sobre la recollida selectiva, de l&#8217;tipus de residus i la seva classificaci\u00f3, d&#8217;el funcionament de l&#8217;ecoparc i dels horaris de recollida en la localitat.<\/p>\n\n\n\n<p>Des de la regidoria de Serveis es recorda a la poblaci\u00f3 la import\u00e0ncia de separar la resta de residus en els contenidors corresponents. &#8220;Aix\u00ed mateix, cal continuar incidint en que no s&#8217;han de dipositar estris al carrer ni a la banda dels contenidors. S&#8217;han de dur a l&#8217;ecoparc o es pot rec\u00f3rrer a el servei de recollida gratu\u00eft de l&#8217;Ajuntament, trucant a l&#8217;96.251 00 15 &#8220;, apunta Guijarro.<\/p>\n","protected":false},"excerpt":{"rendered":"<div class=\"mh-excerpt\">Les persones interessades a separar les restes org\u00e0niques del seu fem dom\u00e8stic podran sol\u00b7licitar un kit de separaci\u00f3 de residus org\u00e0nics a partir del 30 de novembre en l&#8217;oficina de Turisme, consistent en un poal <a class=\"mh-excerpt-more\" href=\"https:\/\/www.tucomarca.com\/wordpress\/segunda\/ca\/cheste-comptara-amb-contenidors-de-fraccio-organica-a-partir-de-desembre\/\" title=\"Xest comptar\u00e0 amb contenidors de fracci\u00f3 org\u00e0nica a partir de desembre\">[+] <\/a><\/div>\n","protected":false},"author":12,"featured_media":120573,"comment_status":"open","ping_status":"open","sticky":false,"template":"","format":"standard","meta":{"footnotes":""},"categories":[10948,10894,10912,10903,10896,10974],"tags":[13141,11071,5952],"class_list":{"0":"post-120577","1":"post","2":"type-post","3":"status-publish","4":"format-standard","5":"has-post-thumbnail","7":"category-infraestructuras-ca","8":"category-la-comarca-ca","9":"category-la-hoya-ca","10":"category-medio-ambiente-la-comarca-ca","11":"category-seccion-ca","12":"category-cheste-ca","13":"tag-bioresiduos","14":"tag-cheste","15":"tag-la-hoya-de-bunol-chiva"},"_links":{"self":[{"href":"https:\/\/www.tucomarca.com\/wordpress\/segunda\/ca\/wp-json\/wp\/v2\/posts\/120577","targetHints":{"allow":["GET"]}}],"collection":[{"href":"https:\/\/www.tucomarca.com\/wordpress\/segunda\/ca\/wp-json\/wp\/v2\/posts"}],"about":[{"href":"https:\/\/www.tucomarca.com\/wordpress\/segunda\/ca\/wp-json\/wp\/v2\/types\/post"}],"author":[{"embeddable":true,"href":"https:\/\/www.tucomarca.com\/wordpress\/segunda\/ca\/wp-json\/wp\/v2\/users\/12"}],"replies":[{"embeddable":true,"href":"https:\/\/www.tucomarca.com\/wordpress\/segunda\/ca\/wp-json\/wp\/v2\/comments?post=120577"}],"version-history":[{"count":0,"href":"https:\/\/www.tucomarca.com\/wordpress\/segunda\/ca\/wp-json\/wp\/v2\/posts\/120577\/revisions"}],"wp:featuredmedia":[{"embeddable":true,"href":"https:\/\/www.tucomarca.com\/wordpress\/segunda\/ca\/wp-json\/wp\/v2\/media\/120573"}],"wp:attachment":[{"href":"https:\/\/www.tucomarca.com\/wordpress\/segunda\/ca\/wp-json\/wp\/v2\/media?parent=120577"}],"wp:term":[{"taxonomy":"category","embeddable":true,"href":"https:\/\/www.tucomarca.com\/wordpress\/segunda\/ca\/wp-json\/wp\/v2\/categories?post=120577"},{"taxonomy":"post_tag","embeddable":true,"href":"https:\/\/www.tucomarca.com\/wordpress\/segunda\/ca\/wp-json\/wp\/v2\/tags?post=120577"}],"curies":[{"name":"wp","href":"https:\/\/api.w.org\/{rel}","templated":true}]}}