{"id":120612,"date":"2020-11-29T21:01:16","date_gmt":"2020-11-29T20:01:16","guid":{"rendered":"http:\/\/www.tucomarca.com\/wordpress\/segunda\/?p=120612"},"modified":"2020-11-30T02:24:02","modified_gmt":"2020-11-30T01:24:02","slug":"els-xiii-premis-ciutadania-de-leliana-es-retransmetran-per-primera-vegada-en-streaming","status":"publish","type":"post","link":"https:\/\/www.tucomarca.com\/wordpress\/segunda\/ca\/els-xiii-premis-ciutadania-de-leliana-es-retransmetran-per-primera-vegada-en-streaming\/","title":{"rendered":"Els XIII Premis Ciutadania de L&#8217;Eliana es retransmetran per primera vegada en streaming"},"content":{"rendered":"\n<h4 class=\"wp-block-heading\"><strong>Deu entitats i ciutadans recolliran, diumenge 6 de desembre, els guardons que reconeixen el seu comprom\u00eds amb el municipi.<\/strong><\/h4>\n\n\n\n<p>Aquest pr\u00f2xim diumenge 6 de desembre, amb motiu del Dia de la Constituci\u00f3, l&#8217;Eliana celebrar\u00e0 els seus tradicionals Premis Ciutadania. Aquesta tretzena edici\u00f3 estar\u00e0 marcada pel covid-19, la qual cosa ha obligat l&#8217;Ajuntament a buscar una alternativa per a realitzar l&#8217;acte p\u00fablic sense posar en risc la salut dels ve\u00efns i ve\u00efnes. Amb aquesta intenci\u00f3 ha variat la ubicaci\u00f3 de l&#8217;acte a una sala m\u00e9s \u00e0mplia com \u00e9s l&#8217;Auditori Municipal, ha redu\u00eft el p\u00fablic a poc m\u00e9s de 150 persones i ha resolt retransmetre l&#8217;acte per <em>streaming<\/em> a trav\u00e9s de les xarxes socials municipals.&nbsp;<\/p>\n\n\n\n<p>La Gala de lliurament dels XIII Premis Ciutadania Vila de l&#8217;Eliana reconeixer\u00e0, com cada any, a aquelles persones i col\u00b7lectius que, amb el seu esfor\u00e7 i dedicaci\u00f3, han influ\u00eft positivament en el desenvolupament i en la pr\u00f2pia conviv\u00e8ncia del municipi. Aix\u00ed, la regidoria de Participaci\u00f3 Ciutadana ha donat a con\u00e9ixer hui els noms dels guardonats en aquest 2020, triats per part d&#8217;una comissi\u00f3 d&#8217;entre les propostes realitzades el mes d&#8217;octubre passat pels ciutadans.<\/p>\n\n\n\n<p>El \u2018Millor expedient acad\u00e8mic de l&#8217;IES l&#8217;Eliana\u2019 en el curs 2019\/2020, \u00fanic premi que s&#8217;atorga sense proc\u00e9s d&#8217;elecci\u00f3, \u00e9s per a les alumnes Naroa Serrano i Andrea Mendoza. En \u2018Educaci\u00f3\u2019, el guard\u00f3 reconeix la traject\u00f2ria de Vicenta C\u00f3rcoles, Joana Gald\u00f3n i Inmaculada Izquierdo, mentre que el Cor de l&#8217;Eliana rebr\u00e0 el premi \u2018Cultura\u2019. La campiona europea i quarta del m\u00f3n de fitness, Lourdes I\u00f1urria, sumar\u00e0 al seu palmar\u00e9s el premi \u2018Esports\u2019 2020 i l&#8217;empresa familiar de serralleria amb m\u00e9s de 40 anys d&#8217;experi\u00e8ncia en el municipi, CELAE, portar\u00e0 a les seues instal\u00b7lacions el guard\u00f3 de \u2018Comer\u00e7\u2019. Per part seua, l&#8217;entrenador del Club de Futbol de l&#8217;Eliana, Vicente Cortina, ser\u00e0 distingit amb el premi \u2018Al Ciutad\u00e0\u2019 per la seua implicaci\u00f3 en la vida municipal, mentre que el t\u00edtol p\u00f2stum ser\u00e0 per a Jos\u00e9 Francisco Aguilar \u201cLocheta\u201d, condecorat \u2018In memoriam\u2019 per la seua traject\u00f2ria com pilotari, que ha portat el nom de la localitat all\u00e0 on aquest esport li ha encaminat.<\/p>\n\n\n\n<p>L&#8217;acte, s&#8217;iniciar\u00e0 a les 10.30 hores amb la inauguraci\u00f3 de la nova instal\u00b7laci\u00f3 a\u00e8ria que presideix el sostre de l&#8217;entrada del Centre Sociocultural, realitzada per l&#8217;artista Pamen Pereira i titulat \u2018La mirada en el cel i l&#8217;o\u00efda en la terra\u2019. Les persones interessades a assistir a la Gala, que donar\u00e0 inici a les 11 hores, poden retirar les seues invitacions gratu\u00eftes en <a href=\"http:\/\/www.elientrada.es\">www.elientrada.es<\/a>.<\/p>\n\n\n\n<p>L&#8217;alcalde, Salva Torrent, ha convidat a tots aquells que vulguen participar presencialment com a p\u00fablic a obtindre les seues invitacions i complir totes les mesures de seguretat vigents com ara l&#8217;\u00fas obligatori de la mascareta en tot moment o la dist\u00e0ncia m\u00ednima interpersonal. A m\u00e9s, ha destacat, \u201c<em>per primera vegada en la hist\u00f2ria d&#8217;aquests guardons es retransmetr\u00e0 en streaming, donant l&#8217;oportunitat a la ciutadania de seguir els premis i con\u00e9ixer, de primera m\u00e0, a tots aquells que cada dia fan de l&#8217;Eliana un lloc millor<\/em>\u201d<em>.<\/em><\/p>\n","protected":false},"excerpt":{"rendered":"<div class=\"mh-excerpt\">Deu entitats i ciutadans recolliran, diumenge 6 de desembre, els guardons que reconeixen el seu comprom\u00eds amb el municipi. Aquest pr\u00f2xim diumenge 6 de desembre, amb motiu del Dia de la Constituci\u00f3, l&#8217;Eliana celebrar\u00e0 els <a class=\"mh-excerpt-more\" href=\"https:\/\/www.tucomarca.com\/wordpress\/segunda\/ca\/els-xiii-premis-ciutadania-de-leliana-es-retransmetran-per-primera-vegada-en-streaming\/\" title=\"Els XIII Premis Ciutadania de L&#8217;Eliana es retransmetran per primera vegada en streaming\">[+] <\/a><\/div>\n","protected":false},"author":12,"featured_media":103484,"comment_status":"open","ping_status":"open","sticky":false,"template":"","format":"standard","meta":{"footnotes":""},"categories":[10892,10894,10893,11007,10896],"tags":[10395,10433,13144],"class_list":{"0":"post-120612","1":"post","2":"type-post","3":"status-publish","4":"format-standard","5":"has-post-thumbnail","7":"category-camp-de-turia-ca","8":"category-la-comarca-ca","9":"category-leliana-ca","10":"category-ocio-y-cultura-ca","11":"category-seccion-ca","12":"tag-camp-de-turia","13":"tag-leliana","14":"tag-xiii-premis-ciutadania"},"_links":{"self":[{"href":"https:\/\/www.tucomarca.com\/wordpress\/segunda\/ca\/wp-json\/wp\/v2\/posts\/120612","targetHints":{"allow":["GET"]}}],"collection":[{"href":"https:\/\/www.tucomarca.com\/wordpress\/segunda\/ca\/wp-json\/wp\/v2\/posts"}],"about":[{"href":"https:\/\/www.tucomarca.com\/wordpress\/segunda\/ca\/wp-json\/wp\/v2\/types\/post"}],"author":[{"embeddable":true,"href":"https:\/\/www.tucomarca.com\/wordpress\/segunda\/ca\/wp-json\/wp\/v2\/users\/12"}],"replies":[{"embeddable":true,"href":"https:\/\/www.tucomarca.com\/wordpress\/segunda\/ca\/wp-json\/wp\/v2\/comments?post=120612"}],"version-history":[{"count":0,"href":"https:\/\/www.tucomarca.com\/wordpress\/segunda\/ca\/wp-json\/wp\/v2\/posts\/120612\/revisions"}],"wp:featuredmedia":[{"embeddable":true,"href":"https:\/\/www.tucomarca.com\/wordpress\/segunda\/ca\/wp-json\/wp\/v2\/media\/103484"}],"wp:attachment":[{"href":"https:\/\/www.tucomarca.com\/wordpress\/segunda\/ca\/wp-json\/wp\/v2\/media?parent=120612"}],"wp:term":[{"taxonomy":"category","embeddable":true,"href":"https:\/\/www.tucomarca.com\/wordpress\/segunda\/ca\/wp-json\/wp\/v2\/categories?post=120612"},{"taxonomy":"post_tag","embeddable":true,"href":"https:\/\/www.tucomarca.com\/wordpress\/segunda\/ca\/wp-json\/wp\/v2\/tags?post=120612"}],"curies":[{"name":"wp","href":"https:\/\/api.w.org\/{rel}","templated":true}]}}