{"id":120620,"date":"2020-11-29T21:00:41","date_gmt":"2020-11-29T20:00:41","guid":{"rendered":"http:\/\/www.tucomarca.com\/wordpress\/segunda\/?p=120620"},"modified":"2020-11-30T02:22:42","modified_gmt":"2020-11-30T01:22:42","slug":"el-partit-de-requena-i-aldees-demana-que-sinstallen-en-les-aldees-panells-informatius-sobre-limitacio-de-velocitat","status":"publish","type":"post","link":"https:\/\/www.tucomarca.com\/wordpress\/segunda\/ca\/el-partit-de-requena-i-aldees-demana-que-sinstallen-en-les-aldees-panells-informatius-sobre-limitacio-de-velocitat\/","title":{"rendered":"El Partit de Requena i Aldees demana que s&#8217;instal\u00b7len en les aldees panells informatius sobre limitaci\u00f3 de velocitat"},"content":{"rendered":"\n<p>Ve\u00efns de les aldees de Sant Antoni, Camp Arc\u00eds, Els Pedrones, Els Isidros, El Pont\u00f3 i Els Ducs, entre altres pedanies, s&#8217;han posat en contacte al llarg d&#8217;estos mesos amb el Partit de Requena i Aldees &#8220;para expressar-nos la seua preocupaci\u00f3 per la falta de senyalitzaci\u00f3 per a reduir la velocidad&#8221; diuen responsables del partit d&#8217;\u00e0mbit municipal. &#8220;Atendiendo -a\u00f1aden- a les peticions dels ve\u00efns creiem que serien de gran ajuda uns panells informatius de la velocitat de cada vehicle al seu pas per l&#8217;entrada de les poblacions, on haurien d&#8217;estar instalados&#8221;. Estos panells ja es troben instal\u00b7lats en la ciutat de Requena en diversos punts del nucli urb\u00e0.<\/p>\n\n\n\n<p>En la passada Comissi\u00f3 Informativa de Personal, on es tracten els temes de tr\u00e0fic, el Partit de Requena i Aldees va demanar que &#8220;se instal\u00b7laren panells informatius de velocitat atenent les poblacions amb major risc de tr\u00e0fic per als ve\u00efns, com s\u00f3n Camp Arc\u00eds, Los Isidros, El Pont\u00f3n, Los Pedrones i Sant Antonio&#8221; van afirmar representants del partit. Informa,<strong> Luis Ib\u00e1\u00f1ez.<\/strong><\/p>\n","protected":false},"excerpt":{"rendered":"<div class=\"mh-excerpt\">Ve\u00efns de les aldees de Sant Antoni, Camp Arc\u00eds, Els Pedrones, Els Isidros, El Pont\u00f3 i Els Ducs, entre altres pedanies, s&#8217;han posat en contacte al llarg d&#8217;estos mesos amb el Partit de Requena i <a class=\"mh-excerpt-more\" href=\"https:\/\/www.tucomarca.com\/wordpress\/segunda\/ca\/el-partit-de-requena-i-aldees-demana-que-sinstallen-en-les-aldees-panells-informatius-sobre-limitacio-de-velocitat\/\" title=\"El Partit de Requena i Aldees demana que s&#8217;instal\u00b7len en les aldees panells informatius sobre limitaci\u00f3 de velocitat\">[+] <\/a><\/div>\n","protected":false},"author":12,"featured_media":120619,"comment_status":"open","ping_status":"open","sticky":false,"template":"","format":"standard","meta":{"footnotes":""},"categories":[11030,11031,11032,11054,11055,10948,10894,11056,10947,10908,10909,11057,10896,11058],"tags":[7437,7827,1987],"class_list":{"0":"post-120620","1":"post","2":"type-post","3":"status-publish","4":"format-standard","5":"has-post-thumbnail","7":"category-campo-arcis-ca","8":"category-camporrobles-ca","9":"category-caudete-ca","10":"category-chera-ca","11":"category-fuenterrobles-ca","12":"category-infraestructuras-ca","13":"category-la-comarca-ca","14":"category-las-cuevas-ca","15":"category-politica","16":"category-requena-ca","17":"category-requena-utiel-ca","18":"category-san-antonio-ca","19":"category-seccion-ca","20":"category-sinarcas-ca","21":"tag-partido-requena-y-aldeas","22":"tag-prya","23":"tag-utiel-requena"},"_links":{"self":[{"href":"https:\/\/www.tucomarca.com\/wordpress\/segunda\/ca\/wp-json\/wp\/v2\/posts\/120620","targetHints":{"allow":["GET"]}}],"collection":[{"href":"https:\/\/www.tucomarca.com\/wordpress\/segunda\/ca\/wp-json\/wp\/v2\/posts"}],"about":[{"href":"https:\/\/www.tucomarca.com\/wordpress\/segunda\/ca\/wp-json\/wp\/v2\/types\/post"}],"author":[{"embeddable":true,"href":"https:\/\/www.tucomarca.com\/wordpress\/segunda\/ca\/wp-json\/wp\/v2\/users\/12"}],"replies":[{"embeddable":true,"href":"https:\/\/www.tucomarca.com\/wordpress\/segunda\/ca\/wp-json\/wp\/v2\/comments?post=120620"}],"version-history":[{"count":0,"href":"https:\/\/www.tucomarca.com\/wordpress\/segunda\/ca\/wp-json\/wp\/v2\/posts\/120620\/revisions"}],"wp:featuredmedia":[{"embeddable":true,"href":"https:\/\/www.tucomarca.com\/wordpress\/segunda\/ca\/wp-json\/wp\/v2\/media\/120619"}],"wp:attachment":[{"href":"https:\/\/www.tucomarca.com\/wordpress\/segunda\/ca\/wp-json\/wp\/v2\/media?parent=120620"}],"wp:term":[{"taxonomy":"category","embeddable":true,"href":"https:\/\/www.tucomarca.com\/wordpress\/segunda\/ca\/wp-json\/wp\/v2\/categories?post=120620"},{"taxonomy":"post_tag","embeddable":true,"href":"https:\/\/www.tucomarca.com\/wordpress\/segunda\/ca\/wp-json\/wp\/v2\/tags?post=120620"}],"curies":[{"name":"wp","href":"https:\/\/api.w.org\/{rel}","templated":true}]}}