{"id":120711,"date":"2020-12-01T10:00:40","date_gmt":"2020-12-01T09:00:40","guid":{"rendered":"http:\/\/www.tucomarca.com\/wordpress\/segunda\/?p=120711"},"modified":"2020-12-01T14:38:46","modified_gmt":"2020-12-01T13:38:46","slug":"xest-obri-el-termini-per-a-sollicitar-les-beques-de-larea-de-cultura-del-curs-2020-21","status":"publish","type":"post","link":"https:\/\/www.tucomarca.com\/wordpress\/segunda\/ca\/xest-obri-el-termini-per-a-sollicitar-les-beques-de-larea-de-cultura-del-curs-2020-21\/","title":{"rendered":"Xest obri el termini per a sol\u00b7licitar les beques de l&#8217;\u00e0rea de Cultura del curs 2020-21"},"content":{"rendered":"\n<p>La regidoria de Cultura informa de que el termini per a sol\u00b7licitar les beques de col\u00b7laboraci\u00f3 en les activitats generals de l&#8217;\u00e0rea de Cultura per al curs 2020-2021 ja ha comen\u00e7at i estar\u00e0 obert fins al pr\u00f2xim 11 de desembre.<\/p>\n\n\n\n<p>Es convoquen 6 beques amb una dotaci\u00f3 de 1.155 euros bruts cada una i un m\u00e0xim de 210 hores a realitzar. El termini de presentaci\u00f3 de sol\u00b7licituds romandr\u00e0 obert fins al divendres, 11 de desembre. Podran optar a estes beques les persones que estiguen matriculades com a alumnes o alumnes oficials durant el curs 2020-21 en estudis universitaris, en la seua primera titulaci\u00f3 universit\u00e0ria (admetent si \u00e9s el cas segons cicles o M\u00e0sters Oficials que complementen els dits estudis) i Batxillerat.<\/p>\n\n\n\n<p>Adem\u00e1s de esto, tendr\u00e1n que reunir los siguientes requisitos:\u00a0<\/p>\n\n\n\n<ul class=\"wp-block-list\"><li>Haber aprobado el curso anterior.<\/li><li>Tener cumplidos los 18 a\u00f1os.&nbsp;<\/li><li>Estar empadronado\/a en la localidad de Cheste con anterioridad a la convocatoria de estas bases.<\/li><li>Disfrutar de suficiente disponibilidad horaria, siempre y cuando redunden a nivel formativo en el \u00e1rea de cultura y conlleve tener horario disponible los fines de semana para colaborar en las actividades culturales y entre semana para colaborar con cultura en tareas de preparar exposiciones, colgar carteles, colaborar con tareas de biblioteca, etc.<\/li><li>No desempe\u00f1ar actualmente trabajo remunerado alguno, ni percibir ingresos por desempleo.<\/li><li>No haber sido beneficiario de estas becas en dos ocasiones.&nbsp;<\/li><\/ul>\n\n\n\n<p>Los y las aspirantes a la beca solicitar\u00e1n las mismas mediante instancia dirigida al Alcalde-Presidente del Ayuntamiento, por registro de entrada del Ayuntamiento y se acompa\u00f1ar\u00e1 de la siguiente documentaci\u00f3n:<\/p>\n\n\n\n<p>1. Fotocopia del DNI o pasaporte.<\/p>\n\n\n\n<p>2. Certificado de empadronamiento hist\u00f3rico y colectivo.<\/p>\n\n\n\n<p>3. Documento acreditativo o fotocopia compulsada de matr\u00edcula acad\u00e9mica en el curso 2020-21 y horarios del curso.<\/p>\n\n\n\n<p>4. Certificado de expediente: resultados acad\u00e9micos de los estudios realizados en el curso anterior.<\/p>\n\n\n\n<p>5. Fotocopia compulsada de los cursos realizados por la persona interesada (imprescindible que est\u00e9n especificados por horas).<\/p>\n\n\n\n<p>6. Fotocopia compulsada de la declaraci\u00f3n de la Renta de 2019 de todos los miembros de la unidad familiar donde est\u00e9 incluida la persona solicitante, o certificado de Hacienda de no haber realizado la declaraci\u00f3n de la Renta por no haber llegado al m\u00ednimo establecido.<\/p>\n\n\n\n<p>7. Certificado negativo de alta en la Seguridad Social.&nbsp;<\/p>\n\n\n\n<p>8. Certificado negativo del SEPE (Servicio P\u00fablico de Empleo Estatal) de percepci\u00f3n de prestaciones.&nbsp;<\/p>\n\n\n\n<p>Las bases completas se pueden consultar en la web municipal<em> cheste.es.<\/em><\/p>\n","protected":false},"excerpt":{"rendered":"<div class=\"mh-excerpt\">La regidoria de Cultura informa de que el termini per a sol\u00b7licitar les beques de col\u00b7laboraci\u00f3 en les activitats generals de l&#8217;\u00e0rea de Cultura per al curs 2020-2021 ja ha comen\u00e7at i estar\u00e0 obert fins <a class=\"mh-excerpt-more\" href=\"https:\/\/www.tucomarca.com\/wordpress\/segunda\/ca\/xest-obri-el-termini-per-a-sollicitar-les-beques-de-larea-de-cultura-del-curs-2020-21\/\" title=\"Xest obri el termini per a sol\u00b7licitar les beques de l&#8217;\u00e0rea de Cultura del curs 2020-21\">[+] <\/a><\/div>\n","protected":false},"author":12,"featured_media":86744,"comment_status":"open","ping_status":"open","sticky":false,"template":"","format":"standard","meta":{"footnotes":""},"categories":[10948,10894,10912,11007,10896,10974],"tags":[11071,5952],"class_list":{"0":"post-120711","1":"post","2":"type-post","3":"status-publish","4":"format-standard","5":"has-post-thumbnail","7":"category-infraestructuras-ca","8":"category-la-comarca-ca","9":"category-la-hoya-ca","10":"category-ocio-y-cultura-ca","11":"category-seccion-ca","12":"category-cheste-ca","13":"tag-cheste","14":"tag-la-hoya-de-bunol-chiva"},"_links":{"self":[{"href":"https:\/\/www.tucomarca.com\/wordpress\/segunda\/ca\/wp-json\/wp\/v2\/posts\/120711","targetHints":{"allow":["GET"]}}],"collection":[{"href":"https:\/\/www.tucomarca.com\/wordpress\/segunda\/ca\/wp-json\/wp\/v2\/posts"}],"about":[{"href":"https:\/\/www.tucomarca.com\/wordpress\/segunda\/ca\/wp-json\/wp\/v2\/types\/post"}],"author":[{"embeddable":true,"href":"https:\/\/www.tucomarca.com\/wordpress\/segunda\/ca\/wp-json\/wp\/v2\/users\/12"}],"replies":[{"embeddable":true,"href":"https:\/\/www.tucomarca.com\/wordpress\/segunda\/ca\/wp-json\/wp\/v2\/comments?post=120711"}],"version-history":[{"count":0,"href":"https:\/\/www.tucomarca.com\/wordpress\/segunda\/ca\/wp-json\/wp\/v2\/posts\/120711\/revisions"}],"wp:featuredmedia":[{"embeddable":true,"href":"https:\/\/www.tucomarca.com\/wordpress\/segunda\/ca\/wp-json\/wp\/v2\/media\/86744"}],"wp:attachment":[{"href":"https:\/\/www.tucomarca.com\/wordpress\/segunda\/ca\/wp-json\/wp\/v2\/media?parent=120711"}],"wp:term":[{"taxonomy":"category","embeddable":true,"href":"https:\/\/www.tucomarca.com\/wordpress\/segunda\/ca\/wp-json\/wp\/v2\/categories?post=120711"},{"taxonomy":"post_tag","embeddable":true,"href":"https:\/\/www.tucomarca.com\/wordpress\/segunda\/ca\/wp-json\/wp\/v2\/tags?post=120711"}],"curies":[{"name":"wp","href":"https:\/\/api.w.org\/{rel}","templated":true}]}}