{"id":120749,"date":"2020-12-01T09:00:38","date_gmt":"2020-12-01T08:00:38","guid":{"rendered":"http:\/\/www.tucomarca.com\/wordpress\/segunda\/?p=120749"},"modified":"2020-12-01T12:56:59","modified_gmt":"2020-12-01T11:56:59","slug":"lobra-de-teatro-les-nits-de-salustiana-tanca-la-programacio-del-25n-a-xest","status":"publish","type":"post","link":"https:\/\/www.tucomarca.com\/wordpress\/segunda\/ca\/lobra-de-teatro-les-nits-de-salustiana-tanca-la-programacio-del-25n-a-xest\/","title":{"rendered":"L&#8217;obra de teatro Les Nits de Salustiana tanca la  programaci\u00f3 del 25N a Xest"},"content":{"rendered":"\n<p>Dissabte passat, 28 de novembre, l&#8217;escenari de teatre Liceu va esdevenir un improvisada sala per a albergar el muntatge teatral Les Nits de Salustiana, programat des de la regidoria d&#8217;Igualtat amb motiu de la celebraci\u00f3 del Dia Internacional de l&#8217;Eliminaci\u00f3 de la Viol\u00e8ncia contra la Dona.<\/p>\n\n\n\n<p>L&#8217;obra va abordar la tem\u00e0tica de la prostituci\u00f3 a trav\u00e9s d&#8217;el relat de Salustiana, una prostituta d&#8217;una rotonda d&#8217;barri de Natzaret de Val\u00e8ncia que lluita per intentar fer m\u00e9s suportable el seu fatal dest\u00ed. La protagonista, encarnada per Gretel Stuyck, va fer c\u00f2mplice a el p\u00fablic de les seues aventures, relatant amb tendresa i fins i tot amb humor una vida plena de vexacions per part dels homes.<\/p>\n\n\n\n<p>&#8220;Les nits de Salustiana aborda la viol\u00e8ncia de g\u00e8nere a trav\u00e9s de la hist\u00f2ria d&#8217;una dona que no nom\u00e9s \u00e9s maltractada pels homes, sin\u00f3 per tota la societat&#8221;, apuntava el regidor d&#8217;Igualtat, Ra\u00fal Mota.<\/p>\n\n\n\n<ul class=\"wp-block-gallery columns-2 is-cropped wp-block-gallery-1 is-layout-flex wp-block-gallery-is-layout-flex\"><li class=\"blocks-gallery-item\"><figure><img loading=\"lazy\" decoding=\"async\" width=\"787\" height=\"525\" src=\"http:\/\/www.tucomarca.com\/wordpress\/segunda\/wp-content\/uploads\/2020\/12\/ChesteSalustiana2.jpg\" alt=\"\" data-id=\"120743\" data-link=\"http:\/\/www.tucomarca.com\/wordpress\/segunda\/?attachment_id=120743\" class=\"wp-image-120743\" srcset=\"https:\/\/www.tucomarca.com\/wordpress\/segunda\/wp-content\/uploads\/2020\/12\/ChesteSalustiana2.jpg 787w, https:\/\/www.tucomarca.com\/wordpress\/segunda\/wp-content\/uploads\/2020\/12\/ChesteSalustiana2-300x200.jpg 300w, https:\/\/www.tucomarca.com\/wordpress\/segunda\/wp-content\/uploads\/2020\/12\/ChesteSalustiana2-768x512.jpg 768w\" sizes=\"auto, (max-width: 787px) 100vw, 787px\" \/><\/figure><\/li><li class=\"blocks-gallery-item\"><figure><img loading=\"lazy\" decoding=\"async\" width=\"787\" height=\"525\" src=\"http:\/\/www.tucomarca.com\/wordpress\/segunda\/wp-content\/uploads\/2020\/12\/ChesteSalustiana3.jpg\" alt=\"\" data-id=\"120745\" data-link=\"http:\/\/www.tucomarca.com\/wordpress\/segunda\/?attachment_id=120745\" class=\"wp-image-120745\" srcset=\"https:\/\/www.tucomarca.com\/wordpress\/segunda\/wp-content\/uploads\/2020\/12\/ChesteSalustiana3.jpg 787w, https:\/\/www.tucomarca.com\/wordpress\/segunda\/wp-content\/uploads\/2020\/12\/ChesteSalustiana3-300x200.jpg 300w, https:\/\/www.tucomarca.com\/wordpress\/segunda\/wp-content\/uploads\/2020\/12\/ChesteSalustiana3-768x512.jpg 768w\" sizes=\"auto, (max-width: 787px) 100vw, 787px\" \/><\/figure><\/li><\/ul>\n\n\n\n<p><strong>Programaci\u00f3 25N<\/strong><\/p>\n\n\n\n<p>La celebraci\u00f3 de 25 de novembre a Xest, amb el lema &#8220;Xest d\u00f3na la cara&#8221;, ha comptat amb diferents iniciatives per reivindicar la Igualtat entre homes i dones. Els passats 10 i 11 de novembre la poblaci\u00f3 va poder fer-se fotos en dos photocalls ubicats a la pla\u00e7a Doctor Cajal ia l&#8217;avinguda Castella, amb les quals ja s&#8217;ha realitzat una pancarta gegant, que penja de la fa\u00e7ana de l&#8217;Ajuntament. A m\u00e9s, el dia 25 va tenir lloc la lectura d&#8217;un manifest feminista a la pla\u00e7a Doctor Cajal davant desenes de ve\u00efns i ve\u00efnes que es van concentrar respectant la normativa sanit\u00e0ria.<\/p>\n\n\n\n<p>&#8220;Hi ha hagut for\u00e7a participaci\u00f3 en tots els actes que s&#8217;han fet, pel que estem satisfets. Sobretot hem intentat fer visible la viol\u00e8ncia de g\u00e8nere durant la pand\u00e8mia&#8221;, ha explicat Mota. &#8220;Seguim treballant per desenvolupar el que queda d&#8217;el pla d&#8217;Igualtat intern de l&#8217;Ajuntament i per posar en marxa el pla municipal, amb l&#8217;objectiu de facilitar la igualtat d&#8217;oportunitats entre homes i dones en tots els \u00e0mbits&#8221;<\/p>\n","protected":false},"excerpt":{"rendered":"<div class=\"mh-excerpt\">Dissabte passat, 28 de novembre, l&#8217;escenari de teatre Liceu va esdevenir un improvisada sala per a albergar el muntatge teatral Les Nits de Salustiana, programat des de la regidoria d&#8217;Igualtat amb motiu de la celebraci\u00f3 <a class=\"mh-excerpt-more\" href=\"https:\/\/www.tucomarca.com\/wordpress\/segunda\/ca\/lobra-de-teatro-les-nits-de-salustiana-tanca-la-programacio-del-25n-a-xest\/\" title=\"L&#8217;obra de teatro Les Nits de Salustiana tanca la  programaci\u00f3 del 25N a Xest\">[+] <\/a><\/div>\n","protected":false},"author":12,"featured_media":120742,"comment_status":"open","ping_status":"open","sticky":false,"template":"","format":"gallery","meta":{"footnotes":""},"categories":[10894,10912,11007,10974],"tags":[13086,10470,5952,2854],"class_list":{"0":"post-120749","1":"post","2":"type-post","3":"status-publish","4":"format-gallery","5":"has-post-thumbnail","7":"category-la-comarca-ca","8":"category-la-hoya-ca","9":"category-ocio-y-cultura-ca","10":"category-cheste-ca","11":"tag-25n","12":"tag-ayuntamiento-de-cheste","13":"tag-la-hoya-de-bunol-chiva","14":"tag-teatro-liceo","15":"post_format-post-format-gallery"},"_links":{"self":[{"href":"https:\/\/www.tucomarca.com\/wordpress\/segunda\/ca\/wp-json\/wp\/v2\/posts\/120749","targetHints":{"allow":["GET"]}}],"collection":[{"href":"https:\/\/www.tucomarca.com\/wordpress\/segunda\/ca\/wp-json\/wp\/v2\/posts"}],"about":[{"href":"https:\/\/www.tucomarca.com\/wordpress\/segunda\/ca\/wp-json\/wp\/v2\/types\/post"}],"author":[{"embeddable":true,"href":"https:\/\/www.tucomarca.com\/wordpress\/segunda\/ca\/wp-json\/wp\/v2\/users\/12"}],"replies":[{"embeddable":true,"href":"https:\/\/www.tucomarca.com\/wordpress\/segunda\/ca\/wp-json\/wp\/v2\/comments?post=120749"}],"version-history":[{"count":0,"href":"https:\/\/www.tucomarca.com\/wordpress\/segunda\/ca\/wp-json\/wp\/v2\/posts\/120749\/revisions"}],"wp:featuredmedia":[{"embeddable":true,"href":"https:\/\/www.tucomarca.com\/wordpress\/segunda\/ca\/wp-json\/wp\/v2\/media\/120742"}],"wp:attachment":[{"href":"https:\/\/www.tucomarca.com\/wordpress\/segunda\/ca\/wp-json\/wp\/v2\/media?parent=120749"}],"wp:term":[{"taxonomy":"category","embeddable":true,"href":"https:\/\/www.tucomarca.com\/wordpress\/segunda\/ca\/wp-json\/wp\/v2\/categories?post=120749"},{"taxonomy":"post_tag","embeddable":true,"href":"https:\/\/www.tucomarca.com\/wordpress\/segunda\/ca\/wp-json\/wp\/v2\/tags?post=120749"}],"curies":[{"name":"wp","href":"https:\/\/api.w.org\/{rel}","templated":true}]}}