{"id":120773,"date":"2020-12-01T14:00:52","date_gmt":"2020-12-01T13:00:52","guid":{"rendered":"http:\/\/www.tucomarca.com\/wordpress\/segunda\/?p=120773"},"modified":"2020-12-01T14:19:50","modified_gmt":"2020-12-01T13:19:50","slug":"la-guardia-civil-dete-21-membres-duna-organitzacio-criminal-que-es-dedicava-a-el-trafic-de-drogues-a-nivell-nacional","status":"publish","type":"post","link":"https:\/\/www.tucomarca.com\/wordpress\/segunda\/ca\/la-guardia-civil-dete-21-membres-duna-organitzacio-criminal-que-es-dedicava-a-el-trafic-de-drogues-a-nivell-nacional\/","title":{"rendered":"La Gu\u00e0rdia Civil det\u00e9 21 membres d&#8217;una organitzaci\u00f3 criminal que es dedicava a el tr\u00e0fic de drogues a nivell nacional"},"content":{"rendered":"\n<p>Tal com han informat fonts de la Comand\u00e0ncia de la Gu\u00e0rdia Civil de Val\u00e8ncia, l&#8217;Equip de Policia Judicial de la Gu\u00e0rdia Civil de Riba-roja va iniciar el passat mes d&#8217;octubre de 2019 l&#8217;Operaci\u00f3 &#8220;Gosi&#8221;, que va portar a la desarticulaci\u00f3 d&#8217;una organitzaci\u00f3 criminal dedicada a l&#8217;elaboraci\u00f3 i tr\u00e0fic de coca\u00efna emprant per aix\u00f2 vehicles amb dobles fons per m\u00e9s tard ser distribu\u00efda en diferents prov\u00edncies de pa\u00eds amb una freq\u00fc\u00e8ncia molt continuada.<\/p>\n\n\n\n<p>&#8220;Despr\u00e9s de tenir coneixement de l&#8217;exist\u00e8ncia de diversos punts de venda de droga en localitats de Val\u00e8ncia que poguessin estar relacionats, es van iniciar les investigacions policials per a la identificaci\u00f3 dels autors. En el transcurs de les mateixes, es van detectar activitats de la menuda a la comarca de la Foia de Bunyol-Xiva aix\u00ed com els domicilis i identificaci\u00f3 de les persones implicades. d&#8217;aquesta manera es va comprovar l&#8217;exist\u00e8ncia de delicte i, a trav\u00e9s de les investigacions, els agents van ser escalant en la pir\u00e0mide delinq\u00fcencial, a l&#8217;aconseguir identificar als prove\u00efdors i altres membres de l&#8217;organitzaci\u00f3 delictiva dedicats a l&#8217;transport de vehicles de doble fons, laboratori-elaboraci\u00f3 i distribu\u00efdors a punts negres de venda de droga &#8220;, segons han informat des de la Comand\u00e0ncia.<\/p>\n\n\n\n<p>En la citada operaci\u00f3 s&#8217;han realitzat 13 registres en diverses localitats de les prov\u00edncies de Val\u00e8ncia, Madrid i Palma de Mallorca que va portar a la detenci\u00f3 de 21 persones totes elles de nacionalitats colombiana, marroquina i espanyola pels delictes contra la salut p\u00fablica, organitzaci\u00f3 criminal i blanqueig de capitals.<\/p>\n\n\n\n<p>S&#8217;han confiscat 1.250 grams de coca\u00efna amb un valor al mercat d&#8217;uns 60.000 euros, 202.000 euros en met\u00e0l\u00b7lic, un laboratori actiu per al processat d&#8217;estupefaents, 9 vehicles de transport de la droga, arma curta de foc amb silenciador, 1 tazer, 2 matxets de grans dimensions, material de telefonia m\u00f2bil, elements inform\u00e0tics (7 ordinadors, 3 televisors, 3 tablet, disc dur), documentaci\u00f3, 18 comptes bancaris bloquejats i un cavall de competici\u00f3.<\/p>\n\n\n\n<p>L&#8217;operaci\u00f3 s&#8217;ha saldat amb la total desarticulaci\u00f3 de l&#8217;organitzaci\u00f3 criminal esperant-m\u00e9s detencions. Els detinguts, 4 dones i 17 homes d&#8217;entre 23 i 59 anys d&#8217;edat, de nacionalitat colombiana, marroquina i espanyola.<\/p>\n\n\n\n<p>En aquesta operaci\u00f3 tamb\u00e9 han col\u00b7laborat: \u00c0rea d&#8217;investigaci\u00f3 de Chiva, Unitat Org\u00e0nica de Policia Judicial de Val\u00e8ncia, Palma de Mallorca i Madrid, aix\u00ed com les USECICs de Madrid i Val\u00e8ncia, el GRS de Val\u00e8ncia, Grup Cinol\u00f2gic, USECIAs i unitats de Seguretat Ciutadana de la prov\u00edncia de Val\u00e8ncia.<\/p>\n\n\n\n<p>Les dilig\u00e8ncies han estat lliurades al Jutjat de Primera Inst\u00e0ncia i Instrucci\u00f3 n\u00ba 3 de Requena.<\/p>\n\n\n\n<ul class=\"wp-block-gallery columns-3 is-cropped wp-block-gallery-1 is-layout-flex wp-block-gallery-is-layout-flex\"><li class=\"blocks-gallery-item\"><figure><img loading=\"lazy\" decoding=\"async\" width=\"768\" height=\"1024\" src=\"http:\/\/www.tucomarca.com\/wordpress\/segunda\/wp-content\/uploads\/2020\/12\/DrogaBunol3-768x1024.jpg\" alt=\"\" data-id=\"120770\" data-link=\"https:\/\/www.tucomarca.com\/wordpress\/segunda\/ca\/la-guardia-civil-dete-21-membres-duna-organitzacio-criminal-que-es-dedicava-a-el-trafic-de-drogues-a-nivell-nacional\/drogabunol3-2\/\" class=\"wp-image-120770\" srcset=\"https:\/\/www.tucomarca.com\/wordpress\/segunda\/wp-content\/uploads\/2020\/12\/DrogaBunol3-768x1024.jpg 768w, https:\/\/www.tucomarca.com\/wordpress\/segunda\/wp-content\/uploads\/2020\/12\/DrogaBunol3-225x300.jpg 225w, https:\/\/www.tucomarca.com\/wordpress\/segunda\/wp-content\/uploads\/2020\/12\/DrogaBunol3.jpg 1512w\" sizes=\"auto, (max-width: 768px) 100vw, 768px\" \/><\/figure><\/li><li class=\"blocks-gallery-item\"><figure><img loading=\"lazy\" decoding=\"async\" width=\"576\" height=\"1024\" src=\"http:\/\/www.tucomarca.com\/wordpress\/segunda\/wp-content\/uploads\/2020\/12\/DrogaBunol2-576x1024.jpg\" alt=\"\" data-id=\"120768\" data-link=\"https:\/\/www.tucomarca.com\/wordpress\/segunda\/ca\/la-guardia-civil-dete-21-membres-duna-organitzacio-criminal-que-es-dedicava-a-el-trafic-de-drogues-a-nivell-nacional\/drogabunol2-2\/\" class=\"wp-image-120768\" srcset=\"https:\/\/www.tucomarca.com\/wordpress\/segunda\/wp-content\/uploads\/2020\/12\/DrogaBunol2-576x1024.jpg 576w, https:\/\/www.tucomarca.com\/wordpress\/segunda\/wp-content\/uploads\/2020\/12\/DrogaBunol2-169x300.jpg 169w, https:\/\/www.tucomarca.com\/wordpress\/segunda\/wp-content\/uploads\/2020\/12\/DrogaBunol2-768x1365.jpg 768w, https:\/\/www.tucomarca.com\/wordpress\/segunda\/wp-content\/uploads\/2020\/12\/DrogaBunol2.jpg 900w\" sizes=\"auto, (max-width: 576px) 100vw, 576px\" \/><\/figure><\/li><li class=\"blocks-gallery-item\"><figure><img loading=\"lazy\" decoding=\"async\" width=\"1024\" height=\"768\" src=\"http:\/\/www.tucomarca.com\/wordpress\/segunda\/wp-content\/uploads\/2020\/12\/DrogaBunol-1024x768.jpg\" alt=\"\" data-id=\"120766\" data-link=\"https:\/\/www.tucomarca.com\/wordpress\/segunda\/ca\/la-guardia-civil-dete-21-membres-duna-organitzacio-criminal-que-es-dedicava-a-el-trafic-de-drogues-a-nivell-nacional\/drogabunol-2\/\" class=\"wp-image-120766\" srcset=\"https:\/\/www.tucomarca.com\/wordpress\/segunda\/wp-content\/uploads\/2020\/12\/DrogaBunol.jpg 1024w, https:\/\/www.tucomarca.com\/wordpress\/segunda\/wp-content\/uploads\/2020\/12\/DrogaBunol-300x225.jpg 300w, https:\/\/www.tucomarca.com\/wordpress\/segunda\/wp-content\/uploads\/2020\/12\/DrogaBunol-768x576.jpg 768w, https:\/\/www.tucomarca.com\/wordpress\/segunda\/wp-content\/uploads\/2020\/12\/DrogaBunol-678x509.jpg 678w, https:\/\/www.tucomarca.com\/wordpress\/segunda\/wp-content\/uploads\/2020\/12\/DrogaBunol-326x245.jpg 326w, https:\/\/www.tucomarca.com\/wordpress\/segunda\/wp-content\/uploads\/2020\/12\/DrogaBunol-80x60.jpg 80w\" sizes=\"auto, (max-width: 1024px) 100vw, 1024px\" \/><\/figure><\/li><\/ul>\n","protected":false},"excerpt":{"rendered":"<div class=\"mh-excerpt\">Tal com han informat fonts de la Comand\u00e0ncia de la Gu\u00e0rdia Civil de Val\u00e8ncia, l&#8217;Equip de Policia Judicial de la Gu\u00e0rdia Civil de Riba-roja va iniciar el passat mes d&#8217;octubre de 2019 l&#8217;Operaci\u00f3 &#8220;Gosi&#8221;, que <a class=\"mh-excerpt-more\" href=\"https:\/\/www.tucomarca.com\/wordpress\/segunda\/ca\/la-guardia-civil-dete-21-membres-duna-organitzacio-criminal-que-es-dedicava-a-el-trafic-de-drogues-a-nivell-nacional\/\" title=\"La Gu\u00e0rdia Civil det\u00e9 21 membres d&#8217;una organitzaci\u00f3 criminal que es dedicava a el tr\u00e0fic de drogues a nivell nacional\">[+] <\/a><\/div>\n","protected":false},"author":1,"featured_media":120770,"comment_status":"open","ping_status":"open","sticky":false,"template":"","format":"gallery","meta":{"footnotes":""},"categories":[10911,10898,10894,10904,10912,10909,10896,10897,10975],"tags":[10384,946,5952],"class_list":{"0":"post-120773","1":"post","2":"type-post","3":"status-publish","4":"format-gallery","5":"has-post-thumbnail","7":"category-bunol-ca","8":"category-ventana-ca","9":"category-la-comarca-ca","10":"category-sin-categorizar-ca","11":"category-la-hoya-ca","12":"category-requena-utiel-ca","13":"category-seccion-ca","14":"category-sucesos-la-comarca-ca","15":"category-chiva-ca","16":"tag-chiva","17":"tag-drogas","18":"tag-la-hoya-de-bunol-chiva","19":"post_format-post-format-gallery"},"_links":{"self":[{"href":"https:\/\/www.tucomarca.com\/wordpress\/segunda\/ca\/wp-json\/wp\/v2\/posts\/120773","targetHints":{"allow":["GET"]}}],"collection":[{"href":"https:\/\/www.tucomarca.com\/wordpress\/segunda\/ca\/wp-json\/wp\/v2\/posts"}],"about":[{"href":"https:\/\/www.tucomarca.com\/wordpress\/segunda\/ca\/wp-json\/wp\/v2\/types\/post"}],"author":[{"embeddable":true,"href":"https:\/\/www.tucomarca.com\/wordpress\/segunda\/ca\/wp-json\/wp\/v2\/users\/1"}],"replies":[{"embeddable":true,"href":"https:\/\/www.tucomarca.com\/wordpress\/segunda\/ca\/wp-json\/wp\/v2\/comments?post=120773"}],"version-history":[{"count":0,"href":"https:\/\/www.tucomarca.com\/wordpress\/segunda\/ca\/wp-json\/wp\/v2\/posts\/120773\/revisions"}],"wp:featuredmedia":[{"embeddable":true,"href":"https:\/\/www.tucomarca.com\/wordpress\/segunda\/ca\/wp-json\/wp\/v2\/media\/120770"}],"wp:attachment":[{"href":"https:\/\/www.tucomarca.com\/wordpress\/segunda\/ca\/wp-json\/wp\/v2\/media?parent=120773"}],"wp:term":[{"taxonomy":"category","embeddable":true,"href":"https:\/\/www.tucomarca.com\/wordpress\/segunda\/ca\/wp-json\/wp\/v2\/categories?post=120773"},{"taxonomy":"post_tag","embeddable":true,"href":"https:\/\/www.tucomarca.com\/wordpress\/segunda\/ca\/wp-json\/wp\/v2\/tags?post=120773"}],"curies":[{"name":"wp","href":"https:\/\/api.w.org\/{rel}","templated":true}]}}