{"id":120790,"date":"2020-12-01T14:30:40","date_gmt":"2020-12-01T13:30:40","guid":{"rendered":"http:\/\/www.tucomarca.com\/wordpress\/segunda\/?p=120790"},"modified":"2020-12-01T15:06:55","modified_gmt":"2020-12-01T14:06:55","slug":"lajuntament-de-millars-elimina-barreres-arquitectoniques-per-a-facilitar-lacces-als-seus-edificis-municipals","status":"publish","type":"post","link":"https:\/\/www.tucomarca.com\/wordpress\/segunda\/ca\/lajuntament-de-millars-elimina-barreres-arquitectoniques-per-a-facilitar-lacces-als-seus-edificis-municipals\/","title":{"rendered":"L&#8217;Ajuntament de Millars elimina barreres arquitect\u00f2niques per a facilitar l&#8217;acc\u00e9s als seus edificis municipals"},"content":{"rendered":"\n<p>&#8220;L&#8217;Ajuntament de Millars ha eliminat les voreres que hi havia en els dos accessos a l&#8217;edifici consistorial i ha canviat la porta d&#8217;entrada de l&#8217;acc\u00e9s ubicat en la travessia&#8221;, tal com ha informat l&#8217;alcalde del municipi, Ricardo P\u00e9rez.<\/p>\n\n\n\n<figure class=\"wp-block-image\"><img loading=\"lazy\" decoding=\"async\" width=\"787\" height=\"590\" src=\"http:\/\/www.tucomarca.com\/wordpress\/segunda\/wp-content\/uploads\/2020\/12\/MillaresAyto2.jpg\" alt=\"\" class=\"wp-image-120787\" srcset=\"https:\/\/www.tucomarca.com\/wordpress\/segunda\/wp-content\/uploads\/2020\/12\/MillaresAyto2.jpg 787w, https:\/\/www.tucomarca.com\/wordpress\/segunda\/wp-content\/uploads\/2020\/12\/MillaresAyto2-300x225.jpg 300w, https:\/\/www.tucomarca.com\/wordpress\/segunda\/wp-content\/uploads\/2020\/12\/MillaresAyto2-768x576.jpg 768w, https:\/\/www.tucomarca.com\/wordpress\/segunda\/wp-content\/uploads\/2020\/12\/MillaresAyto2-678x509.jpg 678w, https:\/\/www.tucomarca.com\/wordpress\/segunda\/wp-content\/uploads\/2020\/12\/MillaresAyto2-326x245.jpg 326w, https:\/\/www.tucomarca.com\/wordpress\/segunda\/wp-content\/uploads\/2020\/12\/MillaresAyto2-80x60.jpg 80w\" sizes=\"auto, (max-width: 787px) 100vw, 787px\" \/><figcaption><br><\/figcaption><\/figure>\n\n\n\n<p>&#8220;Esta actuaci\u00f3 arquitect\u00f2nica (que complementa a la ja realitzada i consistent en la instal\u00b7laci\u00f3 d&#8217;un elevador per a salvar l&#8217;escala que hi ha en este segon acc\u00e9s) ha sigut possible a trav\u00e9s de la concessi\u00f3 d&#8217;una ajuda de 13.023,45 euros de la Conselleria de Presid\u00e8ncia, destinada a finan\u00e7ar actuacions que faciliten la millora de l&#8217;accessibilitat de les cases consistorials per mitj\u00e0 de l&#8217;eliminaci\u00f3 de barreres arquitect\u00f2niques&#8221;, ha afegit l&#8217;alcalde.<\/p>\n\n\n\n<p>L&#8217;obra ha sigut executada per la constructora local Laugalena, S.L.<\/p>\n","protected":false},"excerpt":{"rendered":"<div class=\"mh-excerpt\">&#8220;L&#8217;Ajuntament de Millars ha eliminat les voreres que hi havia en els dos accessos a l&#8217;edifici consistorial i ha canviat la porta d&#8217;entrada de l&#8217;acc\u00e9s ubicat en la travessia&#8221;, tal com ha informat l&#8217;alcalde del <a class=\"mh-excerpt-more\" href=\"https:\/\/www.tucomarca.com\/wordpress\/segunda\/ca\/lajuntament-de-millars-elimina-barreres-arquitectoniques-per-a-facilitar-lacces-als-seus-edificis-municipals\/\" title=\"L&#8217;Ajuntament de Millars elimina barreres arquitect\u00f2niques per a facilitar l&#8217;acc\u00e9s als seus edificis municipals\">[+] <\/a><\/div>\n","protected":false},"author":12,"featured_media":120786,"comment_status":"open","ping_status":"open","sticky":false,"template":"","format":"standard","meta":{"footnotes":""},"categories":[10948,10963,10894,10970,10896],"tags":[1351,10561,11094,10403],"class_list":{"0":"post-120790","1":"post","2":"type-post","3":"status-publish","4":"format-standard","5":"has-post-thumbnail","7":"category-infraestructuras-ca","8":"category-la-canal-de-navarres-ca","9":"category-la-comarca-ca","10":"category-millares-ca","11":"category-seccion-ca","12":"tag-accesibilidad","13":"tag-ayuntamiento-de-millares","14":"tag-la-canal-de-navarres","15":"tag-millares"},"_links":{"self":[{"href":"https:\/\/www.tucomarca.com\/wordpress\/segunda\/ca\/wp-json\/wp\/v2\/posts\/120790","targetHints":{"allow":["GET"]}}],"collection":[{"href":"https:\/\/www.tucomarca.com\/wordpress\/segunda\/ca\/wp-json\/wp\/v2\/posts"}],"about":[{"href":"https:\/\/www.tucomarca.com\/wordpress\/segunda\/ca\/wp-json\/wp\/v2\/types\/post"}],"author":[{"embeddable":true,"href":"https:\/\/www.tucomarca.com\/wordpress\/segunda\/ca\/wp-json\/wp\/v2\/users\/12"}],"replies":[{"embeddable":true,"href":"https:\/\/www.tucomarca.com\/wordpress\/segunda\/ca\/wp-json\/wp\/v2\/comments?post=120790"}],"version-history":[{"count":0,"href":"https:\/\/www.tucomarca.com\/wordpress\/segunda\/ca\/wp-json\/wp\/v2\/posts\/120790\/revisions"}],"wp:featuredmedia":[{"embeddable":true,"href":"https:\/\/www.tucomarca.com\/wordpress\/segunda\/ca\/wp-json\/wp\/v2\/media\/120786"}],"wp:attachment":[{"href":"https:\/\/www.tucomarca.com\/wordpress\/segunda\/ca\/wp-json\/wp\/v2\/media?parent=120790"}],"wp:term":[{"taxonomy":"category","embeddable":true,"href":"https:\/\/www.tucomarca.com\/wordpress\/segunda\/ca\/wp-json\/wp\/v2\/categories?post=120790"},{"taxonomy":"post_tag","embeddable":true,"href":"https:\/\/www.tucomarca.com\/wordpress\/segunda\/ca\/wp-json\/wp\/v2\/tags?post=120790"}],"curies":[{"name":"wp","href":"https:\/\/api.w.org\/{rel}","templated":true}]}}