{"id":120952,"date":"2020-12-03T18:30:51","date_gmt":"2020-12-03T17:30:51","guid":{"rendered":"http:\/\/www.tucomarca.com\/wordpress\/segunda\/?p=120952"},"modified":"2020-12-04T01:40:56","modified_gmt":"2020-12-04T00:40:56","slug":"andilla-reobri-els-seus-programes-de-visites-guiades-amb-nous-itineraris","status":"publish","type":"post","link":"https:\/\/www.tucomarca.com\/wordpress\/segunda\/ca\/andilla-reobri-els-seus-programes-de-visites-guiades-amb-nous-itineraris\/","title":{"rendered":"Andilla reobri els seus programes de visites guiades amb nous itineraris"},"content":{"rendered":"\n<h4 class=\"wp-block-heading\"><strong>La font del Senyor, la necr\u00f2polis ibera, la ruta medieval o les coves-refugi d&#8217;Osset componen la programaci\u00f3 per al mes de desembre<\/strong><\/h4>\n\n\n\n<figure class=\"wp-block-image\"><img loading=\"lazy\" decoding=\"async\" width=\"696\" height=\"984\" src=\"http:\/\/www.tucomarca.com\/wordpress\/segunda\/wp-content\/uploads\/2020\/12\/Andilla2-.jpg\" alt=\"\" class=\"wp-image-120949\" srcset=\"https:\/\/www.tucomarca.com\/wordpress\/segunda\/wp-content\/uploads\/2020\/12\/Andilla2-.jpg 696w, https:\/\/www.tucomarca.com\/wordpress\/segunda\/wp-content\/uploads\/2020\/12\/Andilla2--212x300.jpg 212w\" sizes=\"auto, (max-width: 696px) 100vw, 696px\" \/><\/figure>\n\n\n\n<p>La visita a la Fuente del Se\u00f1or y a la necr\u00f3polis ib\u00e9rica de \u2018El Carnoso\u2019 conforman las novedades del programa de visitas tur\u00edsticas \u2018Descubre Andilla\u2019 que ya ha cerrado la programaci\u00f3n para el mes de diciembre.<\/p>\n\n\n\n<p>En su apuesta por poner en valor su patrimonio natural, etnogr\u00e1fico e hist\u00f3rico, el Ayuntamiento de Andilla ofrece hasta cuatro itinerarios diferentes que a\u00fanan los tesoros patrimoniales de esta localidad serrana en rutas de baja dificultad pensadas para todo tipo de p\u00fablicos.<\/p>\n\n\n\n<p>As\u00ed, el 10 de diciembre se ofrecer\u00e1 el primer recorrido hasta la Fuente del Se\u00f1or, con salida desde la Plaza de la Muralla a las 10:00 h.<\/p>\n\n\n\n<p>Continuar\u00e1 el d\u00eda 12 con el recorrido por la necr\u00f3polis \u00edbera de El Carnoso. Se saldr\u00e1 desde el \u00e1rea recreativa de La Pobleta a las 10:00 h.<\/p>\n\n\n\n<p>El 15 de diciembre se ofrecer\u00e1 un recorrido por el pasado y presente medieval de n\u00facleo andillano mientras que para el 20 de diciembre se reserva a parada en Osset, para conocer sus cuevas refugio.<\/p>\n\n\n\n<p>Las actividades cumplir\u00e1n con todos los protocolos sanitarios, con plazas limitadas y uso obligatorio de mascarilla previa inscripci\u00f3n.<\/p>\n\n\n\n<p>Los interesados pueden inscribirse enviando un correo a info@andilla.es con su nombre, apellidos, n\u00famero de plazas y tel\u00e9fono o llamando directamente al 96 272 9005<\/p>\n","protected":false},"excerpt":{"rendered":"<div class=\"mh-excerpt\">La font del Senyor, la necr\u00f2polis ibera, la ruta medieval o les coves-refugi d&#8217;Osset componen la programaci\u00f3 per al mes de desembre La visita a la Fuente del Se\u00f1or y a la necr\u00f3polis ib\u00e9rica de <a class=\"mh-excerpt-more\" href=\"https:\/\/www.tucomarca.com\/wordpress\/segunda\/ca\/andilla-reobri-els-seus-programes-de-visites-guiades-amb-nous-itineraris\/\" title=\"Andilla reobri els seus programes de visites guiades amb nous itineraris\">[+] <\/a><\/div>\n","protected":false},"author":12,"featured_media":120948,"comment_status":"open","ping_status":"open","sticky":false,"template":"","format":"standard","meta":{"footnotes":""},"categories":[11043,11046,10894,11007,10896],"tags":[10444,10400,10040,1106],"class_list":{"0":"post-120952","1":"post","2":"type-post","3":"status-publish","4":"format-standard","5":"has-post-thumbnail","7":"category-andilla-ca","8":"category-los-serranos-ca","9":"category-la-comarca-ca","10":"category-ocio-y-cultura-ca","11":"category-seccion-ca","12":"tag-andilla","13":"tag-los-serranos","14":"tag-turismo-de-interior","15":"tag-visitas-guiadas"},"_links":{"self":[{"href":"https:\/\/www.tucomarca.com\/wordpress\/segunda\/ca\/wp-json\/wp\/v2\/posts\/120952","targetHints":{"allow":["GET"]}}],"collection":[{"href":"https:\/\/www.tucomarca.com\/wordpress\/segunda\/ca\/wp-json\/wp\/v2\/posts"}],"about":[{"href":"https:\/\/www.tucomarca.com\/wordpress\/segunda\/ca\/wp-json\/wp\/v2\/types\/post"}],"author":[{"embeddable":true,"href":"https:\/\/www.tucomarca.com\/wordpress\/segunda\/ca\/wp-json\/wp\/v2\/users\/12"}],"replies":[{"embeddable":true,"href":"https:\/\/www.tucomarca.com\/wordpress\/segunda\/ca\/wp-json\/wp\/v2\/comments?post=120952"}],"version-history":[{"count":0,"href":"https:\/\/www.tucomarca.com\/wordpress\/segunda\/ca\/wp-json\/wp\/v2\/posts\/120952\/revisions"}],"wp:featuredmedia":[{"embeddable":true,"href":"https:\/\/www.tucomarca.com\/wordpress\/segunda\/ca\/wp-json\/wp\/v2\/media\/120948"}],"wp:attachment":[{"href":"https:\/\/www.tucomarca.com\/wordpress\/segunda\/ca\/wp-json\/wp\/v2\/media?parent=120952"}],"wp:term":[{"taxonomy":"category","embeddable":true,"href":"https:\/\/www.tucomarca.com\/wordpress\/segunda\/ca\/wp-json\/wp\/v2\/categories?post=120952"},{"taxonomy":"post_tag","embeddable":true,"href":"https:\/\/www.tucomarca.com\/wordpress\/segunda\/ca\/wp-json\/wp\/v2\/tags?post=120952"}],"curies":[{"name":"wp","href":"https:\/\/api.w.org\/{rel}","templated":true}]}}