{"id":120990,"date":"2020-12-03T18:00:04","date_gmt":"2020-12-03T17:00:04","guid":{"rendered":"http:\/\/www.tucomarca.com\/wordpress\/segunda\/?p=120990"},"modified":"2020-12-04T01:15:34","modified_gmt":"2020-12-04T00:15:34","slug":"tot-en-joc-per-al-tancament-de-la-temporada-de-la-nascar-europea-a-valencia","status":"publish","type":"post","link":"https:\/\/www.tucomarca.com\/wordpress\/segunda\/ca\/tot-en-joc-per-al-tancament-de-la-temporada-de-la-nascar-europea-a-valencia\/","title":{"rendered":"Tot en joc per al tancament de la temporada de la NASCAR europea a Val\u00e8ncia"},"content":{"rendered":"\n<h4 class=\"wp-block-heading\">El Circuit celebrar\u00e0 el nou Super Speedweek per a tancar la temporada 2020 de les NASCAR Whelen Euroseries&nbsp;<br>44 pilots inscrits en les dues cites finals que se celebren des del dijous i fins al diumenge al Circuit Ricardo Tormo<\/h4>\n\n\n\n<p>El Circuit Ricardo Tormo celebra aquest cap de setmana el Super Speedweek, el coronament final de la temporada 2020 de les NASCAR Whelen Euroseries. L&#8217;esdeveniment se celebrar\u00e0 a porta tancada i ser\u00e0 retransm\u00e9s a trav\u00e9s de &#8216;streaming&#8217; en les xarxes socials del Circuit.&nbsp;<\/p>\n\n\n\n<p>Un total de 44 pilots i 23 equips van participar en el GP d&#8217;Espanya de NASCAR i en les finals EuroNASCAR amb tots els t\u00edtols en joc. Despr\u00e9s d&#8217;allotjar les semifinals en 2012 i l&#8217;obertura de la temporada durant sis temporades consecutives, el Circuit Ricardo Tormo ser\u00e0 la seu de les finals d&#8217;EuroNASCAR per primera vegada.&nbsp;<\/p>\n\n\n\n<p>En EuroNASCAR PRO, l&#8217;israeli\u00e0 Alon Day encap\u00e7ala la classificaci\u00f3 de punts de la temporada. El pilot de PK Carsport va guanyar tres vegades a Val\u00e8ncia en el passat, incloses dues vict\u00f2ries consecutives en 2018, i t\u00e9 un avantatge de 14 punts sobre Lasse Soeresen de DF1 Racing. Amb les 2 &#8216;pole position&#8217; i la seua vict\u00f2ria a Zolder, l&#8217;actual campi\u00f3 d&#8217;EuroNASCAR 2 definitivament va demostrar el seu potencial per al t\u00edtol i ocupa el primer lloc en el Trofeu J\u00fanior.&nbsp;<\/p>\n\n\n\n<p>Huit punts m\u00e9s arrere, Gianmarco Ercoli juntament amb el campi\u00f3 de 2019 Loris Hezemans i Stienes Longin formen un grup estret, seguits de Marc Goossens, Francesco Sini, Lucas Lasserre, Nicolo Rocca i el l\u00edder del Trofeu Challenger Mauro Trione. Amb 264 punts en joc en els dos \u00faltims esdeveniments de la temporada, qualsevol cosa pot passar en la Super Speedweek en la qual reapareix l&#8217;espanyol Ander Vilari\u00f1o doble guanyador l&#8217;any passat a Val\u00e8ncia.&nbsp;<\/p>\n\n\n\n<p>A pesar que l&#8217;esdeveniment se celebrar\u00e0 sense p\u00fablic a causa de les restriccions per a contrarestar la propagaci\u00f3 de la pand\u00e8mia de la COVID-19, els aficionats podran gaudir de tota l&#8217;acci\u00f3 en les plataformes de xarxes socials tant del Circuit Ricardo Tormo com d&#8217;EuroNASCAR. Les huit carreres des del divendres fins al diumenge es transmetran en directe.<\/p>\n","protected":false},"excerpt":{"rendered":"<div class=\"mh-excerpt\">El Circuit celebrar\u00e0 el nou Super Speedweek per a tancar la temporada 2020 de les NASCAR Whelen Euroseries&nbsp;44 pilots inscrits en les dues cites finals que se celebren des del dijous i fins al diumenge <a class=\"mh-excerpt-more\" href=\"https:\/\/www.tucomarca.com\/wordpress\/segunda\/ca\/tot-en-joc-per-al-tancament-de-la-temporada-de-la-nascar-europea-a-valencia\/\" title=\"Tot en joc per al tancament de la temporada de la NASCAR europea a Val\u00e8ncia\">[+] <\/a><\/div>\n","protected":false},"author":12,"featured_media":100984,"comment_status":"open","ping_status":"open","sticky":false,"template":"","format":"standard","meta":{"footnotes":""},"categories":[11017,11003,10894,10904,10912,10896,10974],"tags":[10474,10477,10716,5952,3193],"class_list":{"0":"post-120990","1":"post","2":"type-post","3":"status-publish","4":"format-standard","5":"has-post-thumbnail","7":"category-automovilismo-ca","8":"category-sports","9":"category-la-comarca-ca","10":"category-sin-categorizar-ca","11":"category-la-hoya-ca","12":"category-seccion-ca","13":"category-cheste-ca","14":"tag-circuit-ricardo-tormo","15":"tag-circuito-de-cheste","16":"tag-generalitat-valenciana","17":"tag-la-hoya-de-bunol-chiva","18":"tag-nascar"},"_links":{"self":[{"href":"https:\/\/www.tucomarca.com\/wordpress\/segunda\/ca\/wp-json\/wp\/v2\/posts\/120990","targetHints":{"allow":["GET"]}}],"collection":[{"href":"https:\/\/www.tucomarca.com\/wordpress\/segunda\/ca\/wp-json\/wp\/v2\/posts"}],"about":[{"href":"https:\/\/www.tucomarca.com\/wordpress\/segunda\/ca\/wp-json\/wp\/v2\/types\/post"}],"author":[{"embeddable":true,"href":"https:\/\/www.tucomarca.com\/wordpress\/segunda\/ca\/wp-json\/wp\/v2\/users\/12"}],"replies":[{"embeddable":true,"href":"https:\/\/www.tucomarca.com\/wordpress\/segunda\/ca\/wp-json\/wp\/v2\/comments?post=120990"}],"version-history":[{"count":0,"href":"https:\/\/www.tucomarca.com\/wordpress\/segunda\/ca\/wp-json\/wp\/v2\/posts\/120990\/revisions"}],"wp:featuredmedia":[{"embeddable":true,"href":"https:\/\/www.tucomarca.com\/wordpress\/segunda\/ca\/wp-json\/wp\/v2\/media\/100984"}],"wp:attachment":[{"href":"https:\/\/www.tucomarca.com\/wordpress\/segunda\/ca\/wp-json\/wp\/v2\/media?parent=120990"}],"wp:term":[{"taxonomy":"category","embeddable":true,"href":"https:\/\/www.tucomarca.com\/wordpress\/segunda\/ca\/wp-json\/wp\/v2\/categories?post=120990"},{"taxonomy":"post_tag","embeddable":true,"href":"https:\/\/www.tucomarca.com\/wordpress\/segunda\/ca\/wp-json\/wp\/v2\/tags?post=120990"}],"curies":[{"name":"wp","href":"https:\/\/api.w.org\/{rel}","templated":true}]}}