{"id":121374,"date":"2020-12-07T20:00:21","date_gmt":"2020-12-07T19:00:21","guid":{"rendered":"http:\/\/www.tucomarca.com\/wordpress\/segunda\/?p=121374"},"modified":"2020-12-07T21:15:13","modified_gmt":"2020-12-07T20:15:13","slug":"video-novembre-deixa-a-requena-utiel-mes-de-l40-de-la-quantitat-mitjana-anual-de-pluja","status":"publish","type":"post","link":"https:\/\/www.tucomarca.com\/wordpress\/segunda\/ca\/video-novembre-deixa-a-requena-utiel-mes-de-l40-de-la-quantitat-mitjana-anual-de-pluja\/","title":{"rendered":"Video: Novembre deixa a Requena-Utiel m\u00e9s de l&#8217;40% de la quantitat mitjana anual de pluja"},"content":{"rendered":"\n<figure class=\"wp-block-video\"><video controls src=\"https:\/\/www.tucomarca.com\/wordpress\/segunda\/wp-content\/uploads\/2020\/12\/LluviasRequenaUtiel.mp4\"><\/video><\/figure>\n\n\n\n<p>El mes de novembre ha estat el m\u00e9s pluj\u00f3s dels \u00faltims 35 anys a la comarca Requena-Utiel. <\/p>\n\n\n\n<p>La quantitat mitjana d&#8217;aigua de pluja acumulada en tot el mes, ha superat els 190 litres per metre quadrat, superant els 240 on m\u00e9s ha plogut, com \u00e9s el cas de la pedania del Rebollar i el seu entorn. La quantitat d&#8217;aigua caiguda al novembre representa m\u00e9s de l&#8217;40% de la mitjana anual de pluviometria de la comarca. <\/p>\n\n\n\n<p>Les pluges generoses de el passat mes han recarregat els aq\u00fc\u00edfers d&#8217;aig\u00fces superficials i permetr\u00e0 crear unes reserves per quan el reg agr\u00edcola sigui necessari. Informa, Luis Ib\u00e1\u00f1ez.<\/p>\n","protected":false},"excerpt":{"rendered":"<div class=\"mh-excerpt\">El mes de novembre ha estat el m\u00e9s pluj\u00f3s dels \u00faltims 35 anys a la comarca Requena-Utiel. La quantitat mitjana d&#8217;aigua de pluja acumulada en tot el mes, ha superat els 190 litres per metre <a class=\"mh-excerpt-more\" href=\"https:\/\/www.tucomarca.com\/wordpress\/segunda\/ca\/video-novembre-deixa-a-requena-utiel-mes-de-l40-de-la-quantitat-mitjana-anual-de-pluja\/\" title=\"Video: Novembre deixa a Requena-Utiel m\u00e9s de l&#8217;40% de la quantitat mitjana anual de pluja\">[+] <\/a><\/div>\n","protected":false},"author":1,"featured_media":121372,"comment_status":"open","ping_status":"open","sticky":false,"template":"","format":"video","meta":{"footnotes":""},"categories":[10905,11985,10948,10894,10903,10909,10896,11062],"tags":[3783,11351,10387,10910],"class_list":{"0":"post-121374","1":"post","2":"type-post","3":"status-publish","4":"format-video","5":"has-post-thumbnail","7":"category-agricultura-la-comarca-ca","8":"category-el-tiempo-ca","9":"category-infraestructuras-ca","10":"category-la-comarca-ca","11":"category-medio-ambiente-la-comarca-ca","12":"category-requena-utiel-ca","13":"category-seccion-ca","14":"category-videos","15":"tag-lluvias","16":"tag-lluvias-ca","17":"tag-requena-utiel","18":"tag-requena-utiel-ca","19":"post_format-post-format-video"},"_links":{"self":[{"href":"https:\/\/www.tucomarca.com\/wordpress\/segunda\/ca\/wp-json\/wp\/v2\/posts\/121374","targetHints":{"allow":["GET"]}}],"collection":[{"href":"https:\/\/www.tucomarca.com\/wordpress\/segunda\/ca\/wp-json\/wp\/v2\/posts"}],"about":[{"href":"https:\/\/www.tucomarca.com\/wordpress\/segunda\/ca\/wp-json\/wp\/v2\/types\/post"}],"author":[{"embeddable":true,"href":"https:\/\/www.tucomarca.com\/wordpress\/segunda\/ca\/wp-json\/wp\/v2\/users\/1"}],"replies":[{"embeddable":true,"href":"https:\/\/www.tucomarca.com\/wordpress\/segunda\/ca\/wp-json\/wp\/v2\/comments?post=121374"}],"version-history":[{"count":0,"href":"https:\/\/www.tucomarca.com\/wordpress\/segunda\/ca\/wp-json\/wp\/v2\/posts\/121374\/revisions"}],"wp:featuredmedia":[{"embeddable":true,"href":"https:\/\/www.tucomarca.com\/wordpress\/segunda\/ca\/wp-json\/wp\/v2\/media\/121372"}],"wp:attachment":[{"href":"https:\/\/www.tucomarca.com\/wordpress\/segunda\/ca\/wp-json\/wp\/v2\/media?parent=121374"}],"wp:term":[{"taxonomy":"category","embeddable":true,"href":"https:\/\/www.tucomarca.com\/wordpress\/segunda\/ca\/wp-json\/wp\/v2\/categories?post=121374"},{"taxonomy":"post_tag","embeddable":true,"href":"https:\/\/www.tucomarca.com\/wordpress\/segunda\/ca\/wp-json\/wp\/v2\/tags?post=121374"}],"curies":[{"name":"wp","href":"https:\/\/api.w.org\/{rel}","templated":true}]}}