{"id":121378,"date":"2020-12-07T20:45:24","date_gmt":"2020-12-07T19:45:24","guid":{"rendered":"http:\/\/www.tucomarca.com\/wordpress\/segunda\/?p=121378"},"modified":"2020-12-07T21:57:39","modified_gmt":"2020-12-07T20:57:39","slug":"vilamarxant-inverteix-4-000-euros-en-la-campanya-de-foment-del-comerc-local-es-lhora-de-tirar-del-carro-de-la-compra","status":"publish","type":"post","link":"https:\/\/www.tucomarca.com\/wordpress\/segunda\/ca\/vilamarxant-inverteix-4-000-euros-en-la-campanya-de-foment-del-comerc-local-es-lhora-de-tirar-del-carro-de-la-compra\/","title":{"rendered":"Vilamarxant inverteix 4.000 euros en la campanya de foment del comer\u00e7 local \u201c\u00c9s l&#8217;hora de tirar del carro de la compra\u201d"},"content":{"rendered":"\n<p>L&#8217;Ajuntament de Vilamarxant, a trav\u00e9s de la Regidoria de Comer\u00e7, invertir\u00e0 un total de 4.000 euros en la campanya de foment del comer\u00e7 local i de proximitat que compta amb l&#8217;esl\u00f2gan \u201c\u00c9s l&#8217;hora de tirar del carro de la compra\u201d.<\/p>\n\n\n\n<p>L&#8217;objectiu d&#8217;esta iniciativa \u00e9s conscienciar a la ciutadania dels beneficis socials i econ\u00f2mics que reverteixen a Vilamarxant si les compres es realitzen en els establiments, comer\u00e7os i professionals de la localitat del Camp de T\u00faria.<\/p>\n\n\n\n<p>La campanya, que coincidir\u00e0 amb les festes nadalenques, incentivar\u00e0 la compra local mitjan\u00e7ant el sorteig de 200 xecs per valor de 20 euros entre els clients dels diferents comer\u00e7os del municipi. Aix\u00ed, els 4.000 euros invertits per l&#8217;\u00e0rea dirigida per V\u00edctor Sanchis aniran a parar directament en les compres en comer\u00e7os i locals de Vilamarxant.<\/p>\n\n\n\n<p>La campanya, que es desenvolupar\u00e0 del 9 de desembre al 5 de gener, permetr\u00e0 a tots els consumidors de Vilamarxant participar en el sorteig dels 200 xecs.&nbsp;<\/p>\n\n\n\n<p>V\u00edctor Sanchis, regidor de Promoci\u00f3 Econ\u00f2mica, ha destacat la import\u00e0ncia d&#8217;esta campanya per a continuar fent costat \u201ca tots els comer\u00e7os i professionals que, dia a despr\u00e9s de dia, malgrat la crisi sanit\u00e0ria continuen esfor\u00e7ant-se pel seu negoci\u201d.<\/p>\n\n\n\n<p>\u201cEsta iniciativa permetr\u00e0 que la inversi\u00f3 de l&#8217;Ajuntament revertisca directament en teixit comercial, que s&#8217;ha vist molt afectat en els \u00faltims mesos per la pand\u00e8mia de la COVID-19. Des de la Corporaci\u00f3 continuem treballant perqu\u00e8 l&#8217;impacte siga el menor possible entre els nostres professionals, que ofereixen un servei de proximitat i qualitat a la ciutadania\u201d, ha afegit el regidor.<\/p>\n","protected":false},"excerpt":{"rendered":"<div class=\"mh-excerpt\">L&#8217;Ajuntament de Vilamarxant, a trav\u00e9s de la Regidoria de Comer\u00e7, invertir\u00e0 un total de 4.000 euros en la campanya de foment del comer\u00e7 local i de proximitat que compta amb l&#8217;esl\u00f2gan \u201c\u00c9s l&#8217;hora de tirar <a class=\"mh-excerpt-more\" href=\"https:\/\/www.tucomarca.com\/wordpress\/segunda\/ca\/vilamarxant-inverteix-4-000-euros-en-la-campanya-de-foment-del-comerc-local-es-lhora-de-tirar-del-carro-de-la-compra\/\" title=\"Vilamarxant inverteix 4.000 euros en la campanya de foment del comer\u00e7 local \u201c\u00c9s l&#8217;hora de tirar del carro de la compra\u201d\">[+] <\/a><\/div>\n","protected":false},"author":12,"featured_media":121377,"comment_status":"open","ping_status":"open","sticky":false,"template":"","format":"standard","meta":{"footnotes":""},"categories":[10892,10894,10896,10927],"tags":[10395,2483,10439],"class_list":{"0":"post-121378","1":"post","2":"type-post","3":"status-publish","4":"format-standard","5":"has-post-thumbnail","7":"category-camp-de-turia-ca","8":"category-la-comarca-ca","9":"category-seccion-ca","10":"category-vilamarxant-ca","11":"tag-camp-de-turia","12":"tag-comercio-local","13":"tag-vilamarxant"},"_links":{"self":[{"href":"https:\/\/www.tucomarca.com\/wordpress\/segunda\/ca\/wp-json\/wp\/v2\/posts\/121378","targetHints":{"allow":["GET"]}}],"collection":[{"href":"https:\/\/www.tucomarca.com\/wordpress\/segunda\/ca\/wp-json\/wp\/v2\/posts"}],"about":[{"href":"https:\/\/www.tucomarca.com\/wordpress\/segunda\/ca\/wp-json\/wp\/v2\/types\/post"}],"author":[{"embeddable":true,"href":"https:\/\/www.tucomarca.com\/wordpress\/segunda\/ca\/wp-json\/wp\/v2\/users\/12"}],"replies":[{"embeddable":true,"href":"https:\/\/www.tucomarca.com\/wordpress\/segunda\/ca\/wp-json\/wp\/v2\/comments?post=121378"}],"version-history":[{"count":0,"href":"https:\/\/www.tucomarca.com\/wordpress\/segunda\/ca\/wp-json\/wp\/v2\/posts\/121378\/revisions"}],"wp:featuredmedia":[{"embeddable":true,"href":"https:\/\/www.tucomarca.com\/wordpress\/segunda\/ca\/wp-json\/wp\/v2\/media\/121377"}],"wp:attachment":[{"href":"https:\/\/www.tucomarca.com\/wordpress\/segunda\/ca\/wp-json\/wp\/v2\/media?parent=121378"}],"wp:term":[{"taxonomy":"category","embeddable":true,"href":"https:\/\/www.tucomarca.com\/wordpress\/segunda\/ca\/wp-json\/wp\/v2\/categories?post=121378"},{"taxonomy":"post_tag","embeddable":true,"href":"https:\/\/www.tucomarca.com\/wordpress\/segunda\/ca\/wp-json\/wp\/v2\/tags?post=121378"}],"curies":[{"name":"wp","href":"https:\/\/api.w.org\/{rel}","templated":true}]}}