{"id":121399,"date":"2020-12-07T20:35:18","date_gmt":"2020-12-07T19:35:18","guid":{"rendered":"http:\/\/www.tucomarca.com\/wordpress\/segunda\/?p=121399"},"modified":"2020-12-07T21:56:00","modified_gmt":"2020-12-07T20:56:00","slug":"riba-roja-creara-espais-a-la-televisio-i-la-radio-municipal-per-promocionar-les-activitats-de-les-associacions-comercials","status":"publish","type":"post","link":"https:\/\/www.tucomarca.com\/wordpress\/segunda\/ca\/riba-roja-creara-espais-a-la-televisio-i-la-radio-municipal-per-promocionar-les-activitats-de-les-associacions-comercials\/","title":{"rendered":"Riba-roja crear\u00e0 espais a la televisi\u00f3 i la r\u00e0dio municipal per promocionar les activitats de les associacions comercials"},"content":{"rendered":"\n<h4 class=\"wp-block-heading\">El ple&nbsp;aprova&nbsp;la proposta&nbsp;per&nbsp;donar veu a&nbsp;les&nbsp;entitats&nbsp;de la localitat<\/h4>\n\n\n\n<p>L&#8217;Ajuntament de Riba-roja de T\u00faria crear\u00e0 espais a la televisi\u00f3 i la r\u00e0dio municipals per donar cabuda a les associacions i entitats comercials de la localitat amb l&#8217;objectiu de permetre&#8217;ls canals a trav\u00e9s dels quals poder emetre els seus missatges.<\/p>\n\n\n\n<p>La proposta t\u00e9 la finalitat que aquests col\u00b7lectius puguin tenir mitjans que els permetin promocionar-se en una conjuntura llastada per la pand\u00e8mia de la covid-19. La proposta neix d&#8217;una moci\u00f3 presentada pel grup de Ciutadans de Riba-roja de T\u00faria i que ha estat aprovada per la resta de partits pol\u00edtics amb representaci\u00f3 municipal en el ple de la localitat: el PSPV, el Partit Popular, l&#8217;Esquerra, Comprom\u00eds, Podem Riba-roja Pot i Vox, que han donat suport tots els punts continguts en l&#8217;esmentada resoluci\u00f3 pol\u00edtica. <\/p>\n\n\n\n<p>El text destaca que en l&#8217;actualitat &#8220;considerem que \u00e9s un moment crucial per als nostres comer\u00e7os i empreses, ja que hi ha molts negocis que s&#8217;estan debatent entre continuar o baixar la persiana i no ens podem permetre deixar a cap comer\u00e7 enrere, \u00e9s el moment de actuar tots junts &#8220;, matisa la moci\u00f3 aprovada pel ple de Riba-roja de T\u00faria, que, a m\u00e9s, advoca per incloure en el pla de comunicaci\u00f3 municipal&#8221; la participaci\u00f3 de les diferents associacions empresarials locals per fomentar la consolidaci\u00f3 d&#8217;aquestes i donar a con\u00e8ixer el seu treball&#8221;.<\/p>\n\n\n\n<p>El text de Ciutadans subratlla &#8220;la import\u00e0ncia dels petits comer\u00e7os i empresaris, aix\u00ed com la uni\u00f3 associativa entre tots ells, amb la intenci\u00f3 de dinamitzar i augmentar el teixit comercial&#8221;, en un moment en qu\u00e8 &#8220;es parla molt de les grans \u00e0rees comercials, sobretot perqu\u00e8 pot perjudicar els comer\u00e7os m\u00e9s petits i afavorir els grans&#8221;.<\/p>\n\n\n\n<p>D&#8217;aquesta manera, la resoluci\u00f3 confirmada pel m\u00e0xim \u00f2rgan de representaci\u00f3 municipal recorda que en els \u00faltims anys &#8220;s&#8217;han format i consolidat diferents associacions de comerciants a Riba-roja de T\u00faria que han anat cobrant for\u00e7a perqu\u00e8 els propis comer\u00e7os s&#8217;han adonat els avantatges que suposa unir-se, amb una defensa dels interessos comuns &#8220;. <\/p>\n\n\n\n<p>La moci\u00f3 de ple de Riba-roja de T\u00faria afirma que les grans empreses &#8220;disposen de mitjans i eines publicit\u00e0ries que el petit comer\u00e7 no es pot permetre a l&#8217;hora d&#8217;anunciar-o donar-se a con\u00e8ixer, d&#8217;aqu\u00ed la import\u00e0ncia de les associacions de comerciants&#8221;, per aix\u00f2, matisen que &#8220;des de Ciutadans creiem que \u00e9s possible coordinar la dotaci\u00f3 a les nostres associacions d&#8217;eines per promocionar els seus negocis, amb l&#8217;acc\u00e9s als mitjans de difusi\u00f3 local duent a terme campanyes de promoci\u00f3&#8221;.<\/p>\n","protected":false},"excerpt":{"rendered":"<div class=\"mh-excerpt\">El ple&nbsp;aprova&nbsp;la proposta&nbsp;per&nbsp;donar veu a&nbsp;les&nbsp;entitats&nbsp;de la localitat L&#8217;Ajuntament de Riba-roja de T\u00faria crear\u00e0 espais a la televisi\u00f3 i la r\u00e0dio municipals per donar cabuda a les associacions i entitats comercials de la localitat amb l&#8217;objectiu <a class=\"mh-excerpt-more\" href=\"https:\/\/www.tucomarca.com\/wordpress\/segunda\/ca\/riba-roja-creara-espais-a-la-televisio-i-la-radio-municipal-per-promocionar-les-activitats-de-les-associacions-comercials\/\" title=\"Riba-roja crear\u00e0 espais a la televisi\u00f3 i la r\u00e0dio municipal per promocionar les activitats de les associacions comercials\">[+] <\/a><\/div>\n","protected":false},"author":12,"featured_media":121398,"comment_status":"open","ping_status":"open","sticky":false,"template":"","format":"standard","meta":{"footnotes":""},"categories":[10892,10948,10894,10947,10906,10896],"tags":[10395,1504],"class_list":{"0":"post-121399","1":"post","2":"type-post","3":"status-publish","4":"format-standard","5":"has-post-thumbnail","7":"category-camp-de-turia-ca","8":"category-infraestructuras-ca","9":"category-la-comarca-ca","10":"category-politica","11":"category-riba-roja-ca","12":"category-seccion-ca","13":"tag-camp-de-turia","14":"tag-riba-roja-2"},"_links":{"self":[{"href":"https:\/\/www.tucomarca.com\/wordpress\/segunda\/ca\/wp-json\/wp\/v2\/posts\/121399","targetHints":{"allow":["GET"]}}],"collection":[{"href":"https:\/\/www.tucomarca.com\/wordpress\/segunda\/ca\/wp-json\/wp\/v2\/posts"}],"about":[{"href":"https:\/\/www.tucomarca.com\/wordpress\/segunda\/ca\/wp-json\/wp\/v2\/types\/post"}],"author":[{"embeddable":true,"href":"https:\/\/www.tucomarca.com\/wordpress\/segunda\/ca\/wp-json\/wp\/v2\/users\/12"}],"replies":[{"embeddable":true,"href":"https:\/\/www.tucomarca.com\/wordpress\/segunda\/ca\/wp-json\/wp\/v2\/comments?post=121399"}],"version-history":[{"count":0,"href":"https:\/\/www.tucomarca.com\/wordpress\/segunda\/ca\/wp-json\/wp\/v2\/posts\/121399\/revisions"}],"wp:featuredmedia":[{"embeddable":true,"href":"https:\/\/www.tucomarca.com\/wordpress\/segunda\/ca\/wp-json\/wp\/v2\/media\/121398"}],"wp:attachment":[{"href":"https:\/\/www.tucomarca.com\/wordpress\/segunda\/ca\/wp-json\/wp\/v2\/media?parent=121399"}],"wp:term":[{"taxonomy":"category","embeddable":true,"href":"https:\/\/www.tucomarca.com\/wordpress\/segunda\/ca\/wp-json\/wp\/v2\/categories?post=121399"},{"taxonomy":"post_tag","embeddable":true,"href":"https:\/\/www.tucomarca.com\/wordpress\/segunda\/ca\/wp-json\/wp\/v2\/tags?post=121399"}],"curies":[{"name":"wp","href":"https:\/\/api.w.org\/{rel}","templated":true}]}}