{"id":121411,"date":"2020-12-08T08:45:44","date_gmt":"2020-12-08T07:45:44","guid":{"rendered":"http:\/\/www.tucomarca.com\/wordpress\/segunda\/?p=121411"},"modified":"2020-12-08T19:12:37","modified_gmt":"2020-12-08T18:12:37","slug":"la-policia-local-alca-8-actes-per-incompliment-de-les-mesures-covid-aquest-cap-de-setmana","status":"publish","type":"post","link":"https:\/\/www.tucomarca.com\/wordpress\/segunda\/ca\/la-policia-local-alca-8-actes-per-incompliment-de-les-mesures-covid-aquest-cap-de-setmana\/","title":{"rendered":"La Policia Local al\u00e7a 8 actes per incompliment de les mesures Covid aquest cap de setmana"},"content":{"rendered":"\n<h4 class=\"wp-block-heading\"><strong>La vigil\u00e0ncia policial continuar\u00e0 durant el pont de la Immaculada per a evitar infraccions.<\/strong><\/h4>\n\n\n\n<p>Aquest passat cap de setmana, de la nit del divendres 4 a la matinada d&#8217;aquest diumenge, 6 de desembre, la Policia Local de l&#8217;Eliana ha al\u00e7at un total de 9 actes per incompliment de la normativa vigent relativa a la pand\u00e8mia de Covid-19. Concretament 8 de les actuacions estan relacionades amb la vulneraci\u00f3 del toc de queda i 1 amb l&#8217;incompliment de l&#8217;obligaci\u00f3 de portar mascareta.<\/p>\n\n\n\n<p>El cos policial ve des de fa setmanes refor\u00e7ant el nombre d&#8217;efectius i intensificant la vigil\u00e0ncia amb l&#8217;objectiu de reduir les infraccions respecte a les mesures Covid, que van tindre el seu pic m\u00e9s alt en aquesta segona ona el passat cap de setmana del 20 al 22 de novembre.<\/p>\n\n\n\n<p>La Policia Local ha dut a terme aquesta primera meitat del pont de la Constituci\u00f3 i de la Immaculada altres accions destacables, una d&#8217;elles la detenci\u00f3 d&#8217;una persona per alcohol\u00e8mia positiva la matinada del diumenge. A m\u00e9s, gr\u00e0cies a l&#8217;actuaci\u00f3 dels agents, la propiet\u00e0ria d&#8217;un gos potencialment perill\u00f3s va poder frenar l&#8217;agressi\u00f3, encara que va resultar ferida pel seu animal.&nbsp;<\/p>\n\n\n\n<p>El regidor de Seguretat Ciutadana, Vicente Zamora, ha apel\u00b7lat una setmana m\u00e9s a la responsabilitat individual de la ciutadania per a evitar situacions que posen en risc la salut p\u00fablica i ha recordat que la Policia Local continuar\u00e0 actuant el que queda de pont per a garantir la seguretat de les ve\u00efnes i els ve\u00efns de l&#8217;Eliana.<\/p>\n","protected":false},"excerpt":{"rendered":"<div class=\"mh-excerpt\">La vigil\u00e0ncia policial continuar\u00e0 durant el pont de la Immaculada per a evitar infraccions. Aquest passat cap de setmana, de la nit del divendres 4 a la matinada d&#8217;aquest diumenge, 6 de desembre, la Policia <a class=\"mh-excerpt-more\" href=\"https:\/\/www.tucomarca.com\/wordpress\/segunda\/ca\/la-policia-local-alca-8-actes-per-incompliment-de-les-mesures-covid-aquest-cap-de-setmana\/\" title=\"La Policia Local al\u00e7a 8 actes per incompliment de les mesures Covid aquest cap de setmana\">[+] <\/a><\/div>\n","protected":false},"author":12,"featured_media":120103,"comment_status":"open","ping_status":"open","sticky":false,"template":"","format":"standard","meta":{"footnotes":""},"categories":[10892,11010,12202,10894,10893,10896,10897],"tags":[10395,11937,11938,10433],"class_list":{"0":"post-121411","1":"post","2":"type-post","3":"status-publish","4":"format-standard","5":"has-post-thumbnail","7":"category-camp-de-turia-ca","8":"category-canal-salud","9":"category-covid-19-ca","10":"category-la-comarca-ca","11":"category-leliana-ca","12":"category-seccion-ca","13":"category-sucesos-la-comarca-ca","14":"tag-camp-de-turia","15":"tag-coronavirus","16":"tag-covid-19","17":"tag-leliana"},"_links":{"self":[{"href":"https:\/\/www.tucomarca.com\/wordpress\/segunda\/ca\/wp-json\/wp\/v2\/posts\/121411","targetHints":{"allow":["GET"]}}],"collection":[{"href":"https:\/\/www.tucomarca.com\/wordpress\/segunda\/ca\/wp-json\/wp\/v2\/posts"}],"about":[{"href":"https:\/\/www.tucomarca.com\/wordpress\/segunda\/ca\/wp-json\/wp\/v2\/types\/post"}],"author":[{"embeddable":true,"href":"https:\/\/www.tucomarca.com\/wordpress\/segunda\/ca\/wp-json\/wp\/v2\/users\/12"}],"replies":[{"embeddable":true,"href":"https:\/\/www.tucomarca.com\/wordpress\/segunda\/ca\/wp-json\/wp\/v2\/comments?post=121411"}],"version-history":[{"count":0,"href":"https:\/\/www.tucomarca.com\/wordpress\/segunda\/ca\/wp-json\/wp\/v2\/posts\/121411\/revisions"}],"wp:featuredmedia":[{"embeddable":true,"href":"https:\/\/www.tucomarca.com\/wordpress\/segunda\/ca\/wp-json\/wp\/v2\/media\/120103"}],"wp:attachment":[{"href":"https:\/\/www.tucomarca.com\/wordpress\/segunda\/ca\/wp-json\/wp\/v2\/media?parent=121411"}],"wp:term":[{"taxonomy":"category","embeddable":true,"href":"https:\/\/www.tucomarca.com\/wordpress\/segunda\/ca\/wp-json\/wp\/v2\/categories?post=121411"},{"taxonomy":"post_tag","embeddable":true,"href":"https:\/\/www.tucomarca.com\/wordpress\/segunda\/ca\/wp-json\/wp\/v2\/tags?post=121411"}],"curies":[{"name":"wp","href":"https:\/\/api.w.org\/{rel}","templated":true}]}}