{"id":121629,"date":"2020-12-11T08:03:38","date_gmt":"2020-12-11T07:03:38","guid":{"rendered":"http:\/\/www.tucomarca.com\/wordpress\/segunda\/?p=121629"},"modified":"2020-12-11T18:51:59","modified_gmt":"2020-12-11T17:51:59","slug":"ava-asaja-adverteix-que-una-parada-a-la-recolleccio-a-hores-dara-de-la-campanya-citricola-provocaria-perdues-als-productors","status":"publish","type":"post","link":"https:\/\/www.tucomarca.com\/wordpress\/segunda\/ca\/ava-asaja-adverteix-que-una-parada-a-la-recolleccio-a-hores-dara-de-la-campanya-citricola-provocaria-perdues-als-productors\/","title":{"rendered":"AVA-Asaja adverteix que una parada a la recol\u00b7lecci\u00f3 a hores d&#8217;ara de la campanya citr\u00edcola provocaria p\u00e8rdues als productors"},"content":{"rendered":"\n<h4 class=\"wp-block-heading\">L&#8217;organitzaci\u00f3 recorda que en el m\u00f3n globalitzat actual la gran distribuci\u00f3 pot optar per comprar el producte a fora si no hi ha una flexibilitat en el servei<\/h4>\n\n\n\n<p>L&#8217;Associaci\u00f3 Valenciana d&#8217;Agricultors (AVA-Asaja) expressa la seua preocupaci\u00f3 davant l&#8217;anunciada vaga de magatzems citr\u00edcoles de l&#8217;14 a l&#8217;20 de desembre, ja que aquesta parada es produeix en un moment crucial per a la campanya citr\u00edcola i podria tenir una repercussi\u00f3 directa sobre les cotitzacions que perceben els agricultors a causa de que es troben en la posici\u00f3 m\u00e9s feble de la cadena de valor i qualsevol increment dels costos acaba per incidir negativament en la cotitzaci\u00f3 final que ells reben.<\/p>\n\n\n\n<p>Per tal motiu, aquesta organitzaci\u00f3 reclama contenci\u00f3, mesura i responsabilitat a les parts implicades en aquestes negociacions: els sindicats, d&#8217;una banda, i el Comit\u00e8 de Gesti\u00f3 de C\u00edtrics -entitat que agrupa el comer\u00e7 privat- i la Federaci\u00f3 de Cooperatives Agroaliment\u00e0ries, per una altra. En aquest sentit, l&#8217;associaci\u00f3 tamb\u00e9 recorda que en el cas de la Comunitat Valenciana el conveni de &#8220;collidors&#8221;, compta amb unes condicions salarials que se situen al voltant d&#8217;un 30% per sobre de les que regeixen a la resta de comunitats citr\u00edcoles espanyoles: Andalusia, M\u00farcia i Catalunya. A m\u00e9s, des de l&#8217;organitzaci\u00f3 assenyalen que en un m\u00f3n globalitzat com l&#8217;actual \u00e9s necessari comptar amb una flexibilitat hor\u00e0ria, sempre dins el l\u00edmit de les 40 hores setmanals, ja que la gran distribuci\u00f3 podria optar per adquirir el producte en altres zones citr\u00edcoles en qu\u00e8 t\u00e9 major disponibilitat de mercaderia si des d&#8217;aqu\u00ed no som capa\u00e7os de proporcionar el servei que se&#8217;ns exigeix.<\/p>\n\n\n\n<p>AVA-Asaja subratlla que les seues inquietuds al respecte d&#8217;aquestes negociacions obedeixen al fet que el preu dels c\u00edtrics es fixa des de la c\u00faspide de la cadena de valor, \u00e9s a dir, des de la gran distribuci\u00f3, de tal manera que tots els augments dels costos que es registren al llarg d&#8217;un proc\u00e9s en el qual intervenen des operadors comercials, fins transportistes i treballadors, es dedueixen del preu final que cobra l&#8217;agricultor, que ja no pot repercutir aquestes pujades sobre cap baula d&#8217;una cadena en la qual ocupa l&#8217;\u00faltim lloc.<\/p>\n\n\n\n<p>&#8220;Aquesta circumst\u00e0ncia constitueix un clar desavantatge competitiu per al sector citr\u00edcola valenci\u00e0 -apunta el president d&#8217;AVA-Asaja, Crist\u00f3bal Aguado- i cada vegada s\u00f3n m\u00e9s els camps abandonats per la falta de rendibilitat. Per tant, no podem seguir aprofundint en aquestes difer\u00e8ncies perqu\u00e8 l&#8217;\u00fanica cosa que aconseguirem \u00e9s agreujar la dram\u00e0tica situaci\u00f3 que viuen els productors citr\u00edcoles valencians. Cal recordar que el sector taronger alimenta totes les peces de la cadena, per\u00f2 malauradament el productor experimenta serioses dificultats per viure dignament de la seua collita. Des AVA-Asaja tamb\u00e9 entenem els drets dels treballadors agraris, per\u00f2 perqu\u00e8 aquest sector funcioni cal que el productor tamb\u00e9 rebi una compensaci\u00f3 justa pel treball i dedicaci\u00f3 de tot un any&#8221;.<\/p>\n\n\n\n<p>Mostra de les serioses dificultats econ\u00f2miques que pateixen els agricultors valencians dedicats a el cultiu de c\u00edtrics s\u00f3n les cotitzacions que a hores d&#8217;ara reben per les navelines i clementines, ja que no cobreixen pr\u00e0cticament els costos de producci\u00f3. Informa, <strong>Luis Ib\u00e1\u00f1ez.<\/strong><\/p>\n","protected":false},"excerpt":{"rendered":"<div class=\"mh-excerpt\">L&#8217;organitzaci\u00f3 recorda que en el m\u00f3n globalitzat actual la gran distribuci\u00f3 pot optar per comprar el producte a fora si no hi ha una flexibilitat en el servei L&#8217;Associaci\u00f3 Valenciana d&#8217;Agricultors (AVA-Asaja) expressa la seua <a class=\"mh-excerpt-more\" href=\"https:\/\/www.tucomarca.com\/wordpress\/segunda\/ca\/ava-asaja-adverteix-que-una-parada-a-la-recolleccio-a-hores-dara-de-la-campanya-citricola-provocaria-perdues-als-productors\/\" title=\"AVA-Asaja adverteix que una parada a la recol\u00b7lecci\u00f3 a hores d&#8217;ara de la campanya citr\u00edcola provocaria p\u00e8rdues als productors\">[+] <\/a><\/div>\n","protected":false},"author":12,"featured_media":121628,"comment_status":"open","ping_status":"open","sticky":false,"template":"","format":"standard","meta":{"footnotes":""},"categories":[10905,10898,10948,10894,10904,10912,10902],"tags":[328,13255],"class_list":{"0":"post-121629","1":"post","2":"type-post","3":"status-publish","4":"format-standard","5":"has-post-thumbnail","7":"category-agricultura-la-comarca-ca","8":"category-ventana-ca","9":"category-infraestructuras-ca","10":"category-la-comarca-ca","11":"category-sin-categorizar-ca","12":"category-la-hoya-ca","13":"category-la-ribera-ca","14":"tag-ava-asaja","15":"tag-produccion-citricola"},"_links":{"self":[{"href":"https:\/\/www.tucomarca.com\/wordpress\/segunda\/ca\/wp-json\/wp\/v2\/posts\/121629","targetHints":{"allow":["GET"]}}],"collection":[{"href":"https:\/\/www.tucomarca.com\/wordpress\/segunda\/ca\/wp-json\/wp\/v2\/posts"}],"about":[{"href":"https:\/\/www.tucomarca.com\/wordpress\/segunda\/ca\/wp-json\/wp\/v2\/types\/post"}],"author":[{"embeddable":true,"href":"https:\/\/www.tucomarca.com\/wordpress\/segunda\/ca\/wp-json\/wp\/v2\/users\/12"}],"replies":[{"embeddable":true,"href":"https:\/\/www.tucomarca.com\/wordpress\/segunda\/ca\/wp-json\/wp\/v2\/comments?post=121629"}],"version-history":[{"count":0,"href":"https:\/\/www.tucomarca.com\/wordpress\/segunda\/ca\/wp-json\/wp\/v2\/posts\/121629\/revisions"}],"wp:featuredmedia":[{"embeddable":true,"href":"https:\/\/www.tucomarca.com\/wordpress\/segunda\/ca\/wp-json\/wp\/v2\/media\/121628"}],"wp:attachment":[{"href":"https:\/\/www.tucomarca.com\/wordpress\/segunda\/ca\/wp-json\/wp\/v2\/media?parent=121629"}],"wp:term":[{"taxonomy":"category","embeddable":true,"href":"https:\/\/www.tucomarca.com\/wordpress\/segunda\/ca\/wp-json\/wp\/v2\/categories?post=121629"},{"taxonomy":"post_tag","embeddable":true,"href":"https:\/\/www.tucomarca.com\/wordpress\/segunda\/ca\/wp-json\/wp\/v2\/tags?post=121629"}],"curies":[{"name":"wp","href":"https:\/\/api.w.org\/{rel}","templated":true}]}}