{"id":121657,"date":"2020-12-11T19:00:43","date_gmt":"2020-12-11T18:00:43","guid":{"rendered":"http:\/\/www.tucomarca.com\/wordpress\/segunda\/?p=121657"},"modified":"2020-12-11T20:07:34","modified_gmt":"2020-12-11T19:07:34","slug":"alzira-suma-14-casos-algemesi-13-benifaio-7-riba-roja-6-i-utiel-4-a-1-460-nous-contagis-de-coronavirus-registrats-per-sanitat-a-la-comunitat","status":"publish","type":"post","link":"https:\/\/www.tucomarca.com\/wordpress\/segunda\/ca\/alzira-suma-14-casos-algemesi-13-benifaio-7-riba-roja-6-i-utiel-4-a-1-460-nous-contagis-de-coronavirus-registrats-per-sanitat-a-la-comunitat\/","title":{"rendered":"Alzira suma 14 casos, Algemes\u00ed 13, Benifai\u00f3 7, Riba-roja 6 i Utiel 4 a 1.460 nous contagis de coronavirus registrats per Sanitat a la Comunitat"},"content":{"rendered":"\n<p>La Comunitat Valenciana ha registrat 1.460 nous casos de coronavirus confirmats per prova PCR o a trav\u00e9s de prova d\u2019antig\u00e8nics, que situen la xifra total de positius en 114.890 persones. Per prov\u00edncies, la distribuci\u00f3 de nous positius \u00e9s el seg\u00fcent: 110 a Castell\u00f3 (12.697 en total); 474 a Alacant (39.163 en total), i 876 a la prov\u00edncia de Val\u00e8ncia (63.028 en total). A m\u00e9s, continua tenint 2 casos sense assignar. <\/p>\n\n\n\n<p>Per una altra part, des de l&#8217;\u00faltima actualitzaci\u00f3, ha registrat 1.626 altes a pacients amb coronavirus. D\u2019aquesta forma, ja son 112.571 persones a la Comunitat Valenciana les que han superat la malaltia des que va comen\u00e7ar la pand\u00e8mia. Per prov\u00edncies: 12.784 a Castell\u00f3, 38.548 a Alacant i 61.179 a Val\u00e8ncia. A m\u00e9s, hi ha 60 altes sense assignaci\u00f3. <\/p>\n\n\n\n<p>De aquesta forma, en aquests moments hi haur\u00e0 11.268 casos actius, el que suposa un 8,91% del total de positius. <\/p>\n\n\n\n<p>Els hospitals valencians tenen, actualment, 1.139 persones ingressades: 114 a la prov\u00edncia de Castell\u00f3, amb 19 pacients a UCI; 300 a la prov\u00edncia d\u2019Alacant, 81 d\u2019ells a la UCI; y 725 en la provincia de Valencia, 140 d&#8217;ells en UCI. <\/p>\n\n\n\n<p>Per un altre costat, s&#8217;ha registrat 31 falliments per coronavirus des de l&#8217;\u00faltima actualitzaci\u00f3, per lo que el total de defuncions \u00e9s de 2.581 persones: 341 a la prov\u00edncia de Castell\u00f3, 929 a la d&#8217;Alacant i 1.311 a la de Val\u00e8ncia.<\/p>\n\n\n\n<p> El nombre total de proves portades a terme per a la detecci\u00f3 del coronavirus s\u2019assecar\u00e0 a 1.845.205, de les que 1.679.731 han estat a trav\u00e9s de PCR i 165.474 mitjan\u00e7ant test r\u00e0pid.<\/p>\n\n\n\n<p><strong>Actualitzaci\u00f3 de la situaci\u00f3 en resid\u00e8ncies <\/strong><\/p>\n\n\n\n<p>En l\u2019actualitat, hi ha algun cas positiu en 88 resid\u00e8ncies de majors (4 a la prov\u00edncia de Castell\u00f3, 26 a la prov\u00edncia d\u2019Alacant i 58 a la prov\u00edncia de Val\u00e8ncia), 16 centres de diversitat funcional (3 a la prov\u00edncia de Castell\u00f3, 4 en la provincia de Alicante y 9 en la provincia de Valencia) y 4 centros de menores en la provincia de Valencia. &#8211; Residents nous positius: 34 &#8211; Treballadors i treballadors nous positius: 18 &#8211; Residents que han fallit: 3 Se encuentran bajo vigilancia activa de control sanitario 21 residencias en la Comunitat Valenciana: 9 en la provincia de Alicante y 12 en la provincia de Valencia. <\/p>\n\n\n\n<p><strong>Actualitzaci\u00f3 brotes de coronavirus <\/strong><\/p>\n\n\n\n<p>Nuevos brotes: 47 (12 a la prov\u00edncia d&#8217;Alacant; 6 a la prov\u00edncia de Castell\u00f3 i 29 a la prov\u00edncia de Val\u00e8ncia)<\/p>\n\n\n\n<p>\u00b7 Val\u00e8ncia: 8 casos. Origen social<\/p>\n\n\n\n<p>\u00b7 Alc\u00e0sser: 6 casos. Origen social<\/p>\n\n\n\n<p>\u00b7 Massamagrell: 7 casos. Origen social<\/p>\n\n\n\n<p>\u00b7 Almorad\u00ed: 10 casos. Origen social<\/p>\n\n\n\n<p>\u00b7 Benifai\u00f3: 7 casos. Origen social<\/p>\n\n\n\n<p>\u00b7 Alcal\u00e0 de Xivert: 7 casos. Origen social<\/p>\n\n\n\n<p>\u00b7 Val\u00e8ncia: 9 casos. Origen laboral<\/p>\n\n\n\n<p>\u00b7 Cox: 13 casos. Origen social<\/p>\n\n\n\n<p>\u00b7 Callosa de Segura: 9 casos. Origen social<\/p>\n\n\n\n<p>\u00b7 Elche: 3 casos. Origen social<\/p>\n\n\n\n<p>\u00b7 Benicarl\u00f3: 3 casos. Origen social<\/p>\n\n\n\n<p>\u00b7 Calp: 6 casos. Origen social<\/p>\n\n\n\n<p>\u00b7 Elche: 3 casos. Origen social<\/p>\n\n\n\n<p>\u00b7 Val\u00e8ncia: 3 casos. \u00c1mbito educativo<\/p>\n\n\n\n<p>\u00b7 Val\u00e8ncia: 6 casos. Origen laboral<\/p>\n\n\n\n<p>\u00b7 D\u00e9nia: 5 casos. Origen social<\/p>\n\n\n\n<p>\u00b7 Sagunto: 4 casos. Origen social<\/p>\n\n\n\n<p>\u00b7 Massanassa: 5 casos. Origen social<\/p>\n\n\n\n<p>\u00b7 Val\u00e8ncia: 6 casos. Origen social<\/p>\n\n\n\n<p>\u00b7 T\u00e0rbena: 4 casos. Origen social<\/p>\n\n\n\n<p>\u00b7 Alzira: 3 casos. Origen social<\/p>\n\n\n\n<p>\u00b7 Alzira: 3 casos. Origen social<\/p>\n\n\n\n<p>\u00b7 Callosa de Segura: 5 casos. Origen social<\/p>\n\n\n\n<p>\u00b7 Catarroja: 4 casos. Origen social<\/p>\n\n\n\n<p>\u00b7 Llosa de Ranes: 9 casos. Origen social<\/p>\n\n\n\n<p>\u00b7 Calp: 4 casos. Origen social<\/p>\n\n\n\n<p>\u00b7 Alzira: 4 casos. Origen social<\/p>\n\n\n\n<p>\u00b7 Val\u00e8ncia: 3 casos. \u00c1mbito educativo<\/p>\n\n\n\n<p>\u00b7 Alc\u00fadia de Crespins: 5 casos. Origen social<\/p>\n\n\n\n<p>\u00b7 Vila-real: 6 casos. \u00c1mbito educativo<\/p>\n\n\n\n<p>\u00b7 Val\u00e8ncia: 3 casos. Origen laboral<\/p>\n\n\n\n<p>\u00b7 Algemes\u00ed: 4 casos. Origen social<\/p>\n\n\n\n<p>\u00b7 Utiel: 5 casos. Origen social<\/p>\n\n\n\n<p>\u00b7 Sagunto: 5 casos. Origen social<\/p>\n\n\n\n<p>\u00b7 Altea: 4 casos. Origen social<\/p>\n\n\n\n<p>\u00b7 Gorga: 4 casos. Origen social<\/p>\n\n\n\n<p>\u00b7 Alzira: 4 casos. Origen social<\/p>\n\n\n\n<p>\u00b7 Algemes\u00ed: 9 casos. \u00c1mbito educativo<\/p>\n\n\n\n<p>\u00b7 Alfafar: 4 casos. Origen social<\/p>\n\n\n\n<p>\u00b7 Val\u00e8ncia: 4 caos. Origen laboral<\/p>\n\n\n\n<p>\u00b7 Val\u00e8ncia: 4 casos. Origen social<\/p>\n\n\n\n<p>\u00b7 Riba-roja de Turia: 6 casos. Origen social<\/p>\n\n\n\n<p>\u00b7 Val\u00e8ncia: 3 casos. Origen social<\/p>\n\n\n\n<p>\u00b7 Vila-real: 5 casos. Origen laboral<\/p>\n\n\n\n<p>\u00b7 Torreblanca: 6 casos. Origen social<\/p>\n\n\n\n<p>\u00b7 Burjassot: 6 casos. Origen social<\/p>\n","protected":false},"excerpt":{"rendered":"<div class=\"mh-excerpt\">La Comunitat Valenciana ha registrat 1.460 nous casos de coronavirus confirmats per prova PCR o a trav\u00e9s de prova d\u2019antig\u00e8nics, que situen la xifra total de positius en 114.890 persones. Per prov\u00edncies, la distribuci\u00f3 de <a class=\"mh-excerpt-more\" href=\"https:\/\/www.tucomarca.com\/wordpress\/segunda\/ca\/alzira-suma-14-casos-algemesi-13-benifaio-7-riba-roja-6-i-utiel-4-a-1-460-nous-contagis-de-coronavirus-registrats-per-sanitat-a-la-comunitat\/\" title=\"Alzira suma 14 casos, Algemes\u00ed 13, Benifai\u00f3 7, Riba-roja 6 i Utiel 4 a 1.460 nous contagis de coronavirus registrats per Sanitat a la Comunitat\">[+] <\/a><\/div>\n","protected":false},"author":1,"featured_media":112270,"comment_status":"open","ping_status":"open","sticky":false,"template":"","format":"standard","meta":{"footnotes":""},"categories":[10983,10889,10987,10892,11010,12202,10898,10948,10894,10904,10902,10903,10947,10909,10906,10896,10897,11059],"tags":[10899,11939,11940,11077,10910],"class_list":{"0":"post-121657","1":"post","2":"type-post","3":"status-publish","4":"format-standard","5":"has-post-thumbnail","7":"category-algemesi-ca","8":"category-alzira-cat","9":"category-benifaio-ca","10":"category-camp-de-turia-ca","11":"category-canal-salud","12":"category-covid-19-ca","13":"category-ventana-ca","14":"category-infraestructuras-ca","15":"category-la-comarca-ca","16":"category-sin-categorizar-ca","17":"category-la-ribera-ca","18":"category-medio-ambiente-la-comarca-ca","19":"category-politica","20":"category-requena-utiel-ca","21":"category-riba-roja-ca","22":"category-seccion-ca","23":"category-sucesos-la-comarca-ca","24":"category-utiel-ca","25":"tag-camp-de-turia-ca","26":"tag-coronavirus-ca","27":"tag-covid-19-ca","28":"tag-la-ribera-alta-ca","29":"tag-requena-utiel-ca"},"_links":{"self":[{"href":"https:\/\/www.tucomarca.com\/wordpress\/segunda\/ca\/wp-json\/wp\/v2\/posts\/121657","targetHints":{"allow":["GET"]}}],"collection":[{"href":"https:\/\/www.tucomarca.com\/wordpress\/segunda\/ca\/wp-json\/wp\/v2\/posts"}],"about":[{"href":"https:\/\/www.tucomarca.com\/wordpress\/segunda\/ca\/wp-json\/wp\/v2\/types\/post"}],"author":[{"embeddable":true,"href":"https:\/\/www.tucomarca.com\/wordpress\/segunda\/ca\/wp-json\/wp\/v2\/users\/1"}],"replies":[{"embeddable":true,"href":"https:\/\/www.tucomarca.com\/wordpress\/segunda\/ca\/wp-json\/wp\/v2\/comments?post=121657"}],"version-history":[{"count":0,"href":"https:\/\/www.tucomarca.com\/wordpress\/segunda\/ca\/wp-json\/wp\/v2\/posts\/121657\/revisions"}],"wp:featuredmedia":[{"embeddable":true,"href":"https:\/\/www.tucomarca.com\/wordpress\/segunda\/ca\/wp-json\/wp\/v2\/media\/112270"}],"wp:attachment":[{"href":"https:\/\/www.tucomarca.com\/wordpress\/segunda\/ca\/wp-json\/wp\/v2\/media?parent=121657"}],"wp:term":[{"taxonomy":"category","embeddable":true,"href":"https:\/\/www.tucomarca.com\/wordpress\/segunda\/ca\/wp-json\/wp\/v2\/categories?post=121657"},{"taxonomy":"post_tag","embeddable":true,"href":"https:\/\/www.tucomarca.com\/wordpress\/segunda\/ca\/wp-json\/wp\/v2\/tags?post=121657"}],"curies":[{"name":"wp","href":"https:\/\/api.w.org\/{rel}","templated":true}]}}