{"id":121674,"date":"2020-12-11T23:35:16","date_gmt":"2020-12-11T22:35:16","guid":{"rendered":"http:\/\/www.tucomarca.com\/wordpress\/segunda\/?p=121674"},"modified":"2020-12-12T09:32:03","modified_gmt":"2020-12-12T08:32:03","slug":"la-diputacio-inicia-lasfaltat-de-la-primera-fase-de-la-variant-de-betera-que-evitara-el-collapse-en-el-municipi","status":"publish","type":"post","link":"https:\/\/www.tucomarca.com\/wordpress\/segunda\/ca\/la-diputacio-inicia-lasfaltat-de-la-primera-fase-de-la-variant-de-betera-que-evitara-el-collapse-en-el-municipi\/","title":{"rendered":"La Diputaci\u00f3 inicia l&#8217;asfaltat de la primera fase de la Variant de B\u00e9tera que evitar\u00e0 el col\u00b7lapse en el municipi"},"content":{"rendered":"\n<figure class=\"wp-block-image\"><img loading=\"lazy\" decoding=\"async\" width=\"1024\" height=\"646\" src=\"http:\/\/www.tucomarca.com\/wordpress\/segunda\/wp-content\/uploads\/2020\/12\/BeteraDipu2-1024x646.jpeg\" alt=\"\" class=\"wp-image-121671\" srcset=\"https:\/\/www.tucomarca.com\/wordpress\/segunda\/wp-content\/uploads\/2020\/12\/BeteraDipu2-1024x646.jpeg 1024w, https:\/\/www.tucomarca.com\/wordpress\/segunda\/wp-content\/uploads\/2020\/12\/BeteraDipu2-300x189.jpeg 300w, https:\/\/www.tucomarca.com\/wordpress\/segunda\/wp-content\/uploads\/2020\/12\/BeteraDipu2-768x484.jpeg 768w, https:\/\/www.tucomarca.com\/wordpress\/segunda\/wp-content\/uploads\/2020\/12\/BeteraDipu2.jpeg 2048w\" sizes=\"auto, (max-width: 1024px) 100vw, 1024px\" \/><\/figure>\n\n\n\n<p>La Variant Nord de B\u00e9tera, que evitar\u00e0 el col\u00b7lapse d&#8217;este municipi del Camp de T\u00faria en desviar els 12.000 vehicles diaris que el travessen, avan\u00e7a segons el calendari fixat per l&#8217;\u00e0rea provincial de Carreteres, que preveu la conclusi\u00f3 de la infraestructura a la fi de 2021. Despr\u00e9s de complir-se un any de l&#8217;inici de les obres, est\u00e0 pr\u00e0cticament acabat el moviment de terres i han arrancat els treballs de les estructures per a salvar la l\u00ednia f\u00e8rria de metre i els barrancs, aix\u00ed com l&#8217;asfaltat.<\/p>\n\n\n\n<p>Amb una inversi\u00f3 de m\u00e9s de 15 milions d&#8217;euros i un termini d&#8217;execuci\u00f3 de dos anys, la primera fase de la Variant Nord de B\u00e9tera \u201c\u00e9s una de les actuacions m\u00e9s importants realitzades per l&#8217;\u00e0rea provincial de Carreteres i la gran infraestructura de la present legislatura, donant resposta a una demanda justa i hist\u00f2rica de les ve\u00efnes i ve\u00efns de B\u00e9tera i els usuaris d&#8217;esta carretera amb tr\u00e0nsit dens que travessa tot el municipi, amb les conseg\u00fcents mol\u00e8sties\u201d, explica el vicepresident i diputat de Carreteres, Rafa Garc\u00eda, que este divendres ha visitat les obres acompanyat per l\u2019alcaldessa, Elia Verdev\u00edo.<\/p>\n\n\n\n<p>Per a l&#8217;alcaldessa de B\u00e9tera, \u201cestes obres suposen descongestionar de tr\u00e0nsit el nostre municipi, evitant aix\u00ed les mol\u00e8sties i la contaminaci\u00f3 que produ\u00efx en el nucli urb\u00e0 el pas continu de vehicles\u201d. \u201cUna reivindicaci\u00f3 de tots els governs que hem passat per l&#8217;Ajuntament de B\u00e9tera i una lluita conjunta amb els nostres ve\u00efns i ve\u00efnes per aconseguir estes obres tan importants i beneficioses per al municipi\u201d, afig Verdev\u00edo. &nbsp; &nbsp;<\/p>\n\n\n\n<p>El tram sobre el qual actua l&#8217;empresa Bertol\u00edn, adjudicat\u00e0ria de l&#8217;obra, t\u00e9 una longitud de 4,7 quil\u00f2metres que discorren del sud-est al nord del nucli urb\u00e0 de B\u00e9tera, connectant la carretera que ve de Val\u00e8ncia amb la CV-310 cap a N\u00e0quera i Serra, evitant el pas per la travessia actual dins del municipi i facilitant els accessos al mateix i els pol\u00edgons industrials de L&#8217;Horta Vella i El Pla.<\/p>\n\n\n\n<p>El projecte inclou la construcci\u00f3 de quatre glorietes que, al costat de les vies de servei laterals, proporcionaran el control total dels accessos a la carretera. La cal\u00e7ada tindr\u00e0 un ample de 12 metres, amb dos carrils per sentit de tres metres cadascun i vorals-bici de dos metres a banda i banda. A m\u00e9s, est\u00e0 previst habilitar una via de ciclovianants segregada i protegida de 2,30 metres d&#8217;amplitud en el marge esquerre i ser\u00e0 necessari al\u00e7ar quatre estructures per a salvar la l\u00ednia de metro i els barrancs del Carraixet i Portaceli.<\/p>\n\n\n\n<p><strong>Estructures en marxa<\/strong><\/p>\n\n\n\n<p>Una de les parts m\u00e9s complexes de la Variant Nord de B\u00e9tera \u00e9s la construcci\u00f3 de fins a quatre estructures per a salvar la l\u00ednia f\u00e8rria de metre i els barrancs que travessen el tra\u00e7at, destacant el pont sobre el Carraixet, que tindr\u00e0 una longitud de 155 metres. Els operaris han executat ja la profunda fonamentaci\u00f3 d&#8217;un pont que tindr\u00e0 cinc obertures, amb pilotes d&#8217;un metre de di\u00e0metre i fins a 17 de longitud.<\/p>\n\n\n\n<p>La setmana passada es va iniciar tamb\u00e9 l&#8217;estructura sobre el barranc de Portaceli, amb la col\u00b7locaci\u00f3 de les quatre bigues del pont, que tenen un cant de 1,5 metres, 27 metres de longitud i un pes de 33 tones que va fer necessari l&#8217;\u00fas de dos grues de grans dimensions per a la seua elevaci\u00f3.<\/p>\n\n\n\n<p>La finalitzaci\u00f3 d&#8217;esta primera fase de la variant, prevista per a desembre del pr\u00f2xim any, evitar\u00e0 l&#8217;elevat volum de vehicles que travessen B\u00e9tera pel nucli urb\u00e0, \u201cmillorant tant la flu\u00efdesa del tr\u00e0nsit de la CV-310 i reduint els temps de recorregut, com el dia a dia de les ve\u00efnes i ve\u00efns que veuran incrementades la seua seguretat i qualitat de vida, alhora que es redu\u00efx la contaminaci\u00f3 ac\u00fastica i ambiental\u201d, destaca el diputat de Carreteres, Rafa Garc\u00eda.<br><\/p>\n","protected":false},"excerpt":{"rendered":"<div class=\"mh-excerpt\">La Variant Nord de B\u00e9tera, que evitar\u00e0 el col\u00b7lapse d&#8217;este municipi del Camp de T\u00faria en desviar els 12.000 vehicles diaris que el travessen, avan\u00e7a segons el calendari fixat per l&#8217;\u00e0rea provincial de Carreteres, que <a class=\"mh-excerpt-more\" href=\"https:\/\/www.tucomarca.com\/wordpress\/segunda\/ca\/la-diputacio-inicia-lasfaltat-de-la-primera-fase-de-la-variant-de-betera-que-evitara-el-collapse-en-el-municipi\/\" title=\"La Diputaci\u00f3 inicia l&#8217;asfaltat de la primera fase de la Variant de B\u00e9tera que evitar\u00e0 el col\u00b7lapse en el municipi\">[+] <\/a><\/div>\n","protected":false},"author":1,"featured_media":121670,"comment_status":"open","ping_status":"open","sticky":false,"template":"","format":"standard","meta":{"footnotes":""},"categories":[10937,10892,10898,10948,10894,10947,10896],"tags":[10398,11202,10395,10899,3677,11246],"class_list":{"0":"post-121674","1":"post","2":"type-post","3":"status-publish","4":"format-standard","5":"has-post-thumbnail","7":"category-betera-ca","8":"category-camp-de-turia-ca","9":"category-ventana-ca","10":"category-infraestructuras-ca","11":"category-la-comarca-ca","12":"category-politica","13":"category-seccion-ca","14":"tag-betera","15":"tag-betera-ca","16":"tag-camp-de-turia","17":"tag-camp-de-turia-ca","18":"tag-diputacio-de-valencia","19":"tag-diputacio-de-valencia-ca"},"_links":{"self":[{"href":"https:\/\/www.tucomarca.com\/wordpress\/segunda\/ca\/wp-json\/wp\/v2\/posts\/121674","targetHints":{"allow":["GET"]}}],"collection":[{"href":"https:\/\/www.tucomarca.com\/wordpress\/segunda\/ca\/wp-json\/wp\/v2\/posts"}],"about":[{"href":"https:\/\/www.tucomarca.com\/wordpress\/segunda\/ca\/wp-json\/wp\/v2\/types\/post"}],"author":[{"embeddable":true,"href":"https:\/\/www.tucomarca.com\/wordpress\/segunda\/ca\/wp-json\/wp\/v2\/users\/1"}],"replies":[{"embeddable":true,"href":"https:\/\/www.tucomarca.com\/wordpress\/segunda\/ca\/wp-json\/wp\/v2\/comments?post=121674"}],"version-history":[{"count":0,"href":"https:\/\/www.tucomarca.com\/wordpress\/segunda\/ca\/wp-json\/wp\/v2\/posts\/121674\/revisions"}],"wp:featuredmedia":[{"embeddable":true,"href":"https:\/\/www.tucomarca.com\/wordpress\/segunda\/ca\/wp-json\/wp\/v2\/media\/121670"}],"wp:attachment":[{"href":"https:\/\/www.tucomarca.com\/wordpress\/segunda\/ca\/wp-json\/wp\/v2\/media?parent=121674"}],"wp:term":[{"taxonomy":"category","embeddable":true,"href":"https:\/\/www.tucomarca.com\/wordpress\/segunda\/ca\/wp-json\/wp\/v2\/categories?post=121674"},{"taxonomy":"post_tag","embeddable":true,"href":"https:\/\/www.tucomarca.com\/wordpress\/segunda\/ca\/wp-json\/wp\/v2\/tags?post=121674"}],"curies":[{"name":"wp","href":"https:\/\/api.w.org\/{rel}","templated":true}]}}