{"id":122299,"date":"2020-12-22T19:30:01","date_gmt":"2020-12-22T18:30:01","guid":{"rendered":"http:\/\/www.tucomarca.com\/wordpress\/segunda\/?p=122299"},"modified":"2020-12-22T20:17:05","modified_gmt":"2020-12-22T19:17:05","slug":"lalcaldessa-de-calles-mante-una-reunio-telematica-amb-els-reis-mags","status":"publish","type":"post","link":"https:\/\/www.tucomarca.com\/wordpress\/segunda\/ca\/lalcaldessa-de-calles-mante-una-reunio-telematica-amb-els-reis-mags\/","title":{"rendered":"L&#8217;alcaldessa de Calles mant\u00e9 una reuni\u00f3 telem\u00e0tica amb els Reis Mags"},"content":{"rendered":"\n<p><strong>Entre altres assumptes s&#8217;ha acordat el protocol per a permetre la visita de Ses Majestats d&#8217;Orient en estes dates tan assenyalades<\/strong><\/p>\n\n\n\n<p>L&#8217;alcaldessa de Carrers, Consuelo Garc\u00eda, ha mantingut en el mat\u00ed d&#8217;este dilluns una reuni\u00f3 telem\u00e0tica amb SS.MM. els Reis Mags d&#8217;Orient per a organitzar la seua pr\u00f2xima visita a la localitat i complir amb tots els protocols que estipula la situaci\u00f3 sanit\u00e0ria que viu el pa\u00eds.<\/p>\n\n\n\n<p>En este marc, Garc\u00eda s&#8217;ha reunit a trav\u00e9s de videoconfer\u00e8ncia amb Melcior, Gaspar i Baltasar, acordant que &#8220;para seguretat de todos&#8221; no es podr\u00e0 celebrar la Cavalcada de Reis com \u00e9s habitual per\u00f2 s\u00ed que han establit un protocol per a permetre la visita de Ses Majestats en estes dates tan assenyalades.<\/p>\n\n\n\n<p>&#8220;Se ha acordat amb ells preparar un perm\u00eds especial perqu\u00e8 puguen vindre fins a la poblaci\u00f3 sense infringir els l\u00edmits de mobilitat ni el toc de queda&#8221;, ha explicat Garc\u00eda, que ha subratllat la bona voluntat dels Reis Mags per a adaptar-se a la situaci\u00f3.<\/p>\n\n\n\n<p>\u201cDe esta manera los caramelos y regalos que siempre traen al ayuntamiento despu\u00e9s de la cabalgata ser\u00e1n repartidos en la puerta de las casas como manda la tradici\u00f3n, pero para aliviar su tarea, Este a\u00f1o m\u00e1s complicada que nunca, necesitan que te inscribas en el Ayuntamiento si ese d\u00eda vas a estar en casa. As\u00ed ellos podr\u00e1n ahorrar tiempo\u201d<\/p>\n\n\n\n<p>Por otra parte han hecho especial hincapi\u00e9 en que NING\u00daN NI\u00d1O O NI\u00d1A DEBE ESTAR EN LA CALLE. \u201cPara los Reyes Magos la salud de las ni\u00f1as, ni\u00f1os y el resto de la poblaci\u00f3n es lo primero as\u00ed que ese d\u00eda los esperaremos en las ventanas, balcones o el umbral de las puertas utilizando siempre mascarilla y manteniendo la distancia de seguridad\u201d, explica la primer edil. \u201cDe esta manera sus Majestades de Oriente podr\u00e1n realizar su labor de manera segura\u201d<\/p>\n\n\n\n<p>Puedes inscribirte en el Ayuntamiento de manera presencial o telef\u00f3nica, o enviar un correo electr\u00f3nico a aytocalles@gmail.com especificando direcci\u00f3n, tel\u00e9fono de contacto, edad del ni\u00f1o o ni\u00f1a y si se han portado bien durante este a\u00f1o.<\/p>\n","protected":false},"excerpt":{"rendered":"<div class=\"mh-excerpt\">Entre altres assumptes s&#8217;ha acordat el protocol per a permetre la visita de Ses Majestats d&#8217;Orient en estes dates tan assenyalades L&#8217;alcaldessa de Carrers, Consuelo Garc\u00eda, ha mantingut en el mat\u00ed d&#8217;este dilluns una reuni\u00f3 <a class=\"mh-excerpt-more\" href=\"https:\/\/www.tucomarca.com\/wordpress\/segunda\/ca\/lalcaldessa-de-calles-mante-una-reunio-telematica-amb-els-reis-mags\/\" title=\"L&#8217;alcaldessa de Calles mant\u00e9 una reuni\u00f3 telem\u00e0tica amb els Reis Mags\">[+] <\/a><\/div>\n","protected":false},"author":12,"featured_media":122298,"comment_status":"open","ping_status":"open","sticky":false,"template":"","format":"standard","meta":{"footnotes":""},"categories":[11038,11046,10894,11004,11007,11008,10896],"tags":[1327,9760,10400],"class_list":{"0":"post-122299","1":"post","2":"type-post","3":"status-publish","4":"format-standard","5":"has-post-thumbnail","7":"category-calles-ca","8":"category-los-serranos-ca","9":"category-la-comarca-ca","10":"category-la-semana-en-imagenes-ca","11":"category-ocio-y-cultura-ca","12":"category-pueblos-en-fiestas-ca","13":"category-seccion-ca","14":"tag-calles-2","15":"tag-los-reyes-magos","16":"tag-los-serranos"},"_links":{"self":[{"href":"https:\/\/www.tucomarca.com\/wordpress\/segunda\/ca\/wp-json\/wp\/v2\/posts\/122299","targetHints":{"allow":["GET"]}}],"collection":[{"href":"https:\/\/www.tucomarca.com\/wordpress\/segunda\/ca\/wp-json\/wp\/v2\/posts"}],"about":[{"href":"https:\/\/www.tucomarca.com\/wordpress\/segunda\/ca\/wp-json\/wp\/v2\/types\/post"}],"author":[{"embeddable":true,"href":"https:\/\/www.tucomarca.com\/wordpress\/segunda\/ca\/wp-json\/wp\/v2\/users\/12"}],"replies":[{"embeddable":true,"href":"https:\/\/www.tucomarca.com\/wordpress\/segunda\/ca\/wp-json\/wp\/v2\/comments?post=122299"}],"version-history":[{"count":0,"href":"https:\/\/www.tucomarca.com\/wordpress\/segunda\/ca\/wp-json\/wp\/v2\/posts\/122299\/revisions"}],"wp:featuredmedia":[{"embeddable":true,"href":"https:\/\/www.tucomarca.com\/wordpress\/segunda\/ca\/wp-json\/wp\/v2\/media\/122298"}],"wp:attachment":[{"href":"https:\/\/www.tucomarca.com\/wordpress\/segunda\/ca\/wp-json\/wp\/v2\/media?parent=122299"}],"wp:term":[{"taxonomy":"category","embeddable":true,"href":"https:\/\/www.tucomarca.com\/wordpress\/segunda\/ca\/wp-json\/wp\/v2\/categories?post=122299"},{"taxonomy":"post_tag","embeddable":true,"href":"https:\/\/www.tucomarca.com\/wordpress\/segunda\/ca\/wp-json\/wp\/v2\/tags?post=122299"}],"curies":[{"name":"wp","href":"https:\/\/api.w.org\/{rel}","templated":true}]}}