{"id":122334,"date":"2020-12-22T19:02:40","date_gmt":"2020-12-22T18:02:40","guid":{"rendered":"http:\/\/www.tucomarca.com\/wordpress\/segunda\/?p=122334"},"modified":"2020-12-22T20:04:07","modified_gmt":"2020-12-22T19:04:07","slug":"lequip-de-govern-de-vilamarxant-visita-levolucio-de-les-millores-del-poligon-denchilagar-del-rullo","status":"publish","type":"post","link":"https:\/\/www.tucomarca.com\/wordpress\/segunda\/ca\/lequip-de-govern-de-vilamarxant-visita-levolucio-de-les-millores-del-poligon-denchilagar-del-rullo\/","title":{"rendered":"L&#8217;equip de govern de Vilamarxant visita l&#8217;evoluci\u00f3 de les millores del pol\u00edgon d\u2019Enchilagar del Rullo"},"content":{"rendered":"\n<p>L&#8217;equip de govern de l&#8217;Ajuntament de Vilamarxant ha visitat durant el mat\u00ed de hui el pol\u00edgon d\u2019Enchilagar del Rullo per a comprovar l&#8217;evoluci\u00f3 de les obres que milloraran la zona industrial.<\/p>\n\n\n\n<p>H\u00e9ctor Troyano, alcalde de Vilamarxant, junt als regidors Xavier Jorge i V\u00edctor Sanchis ha acreditat el bon ritme de treball de les diferents actuacions que s&#8217;estan duent a terme i que faran que el pol\u00edgon se situe entre els millors de la comarca del Camp de T\u00faria. A la visita tamb\u00e9 han acudit l&#8217;arquitecte, l&#8217;aparelladora i els representants de la constructora que estan duent a terme les obres de millora en l&#8217;\u00e0rea industrial de Vilamarxant.<\/p>\n\n\n\n<p>Les actuacions previstes suposaran la plantaci\u00f3 de 241 palmeres de l&#8217;esp\u00e8cie washingtonia en els diferents carrers del pol\u00edgon, la dotaci\u00f3 de reg autom\u00e0tic en tots els parterres, la sembra de diverses prades de gram\u00ednies i la consolidaci\u00f3 de les illetes d&#8217;acc\u00e9s al pol\u00edgon per la rotonda de la carretera CV-50 amb formig\u00f3 ratllat de color roig.<\/p>\n\n\n\n<p>La inversi\u00f3 de l&#8217;Ajuntament de Vilamarxant, a trav\u00e9s de la Regidoria de Promoci\u00f3 Econ\u00f2mica, per a les millores ascendeix a un total de 150.885,26 euros.<\/p>\n\n\n\n<p>Durant el pr\u00f2xim any, l&#8217;\u00e0rea que dirigeix V\u00edctor Sanchis t\u00e9 previst que la instal\u00b7laci\u00f3 de sis c\u00e0meres de vigil\u00e0ncia i reconeixement de matr\u00edcules, la col\u00b7locaci\u00f3 de quatre panells informatius amb les llistes de carrers del pol\u00edgon, l&#8217;edificaci\u00f3 d&#8217;una rotonda que suprimisca les illetes existents en la intersecci\u00f3 dels carrers 16, 21 i la CV-3770 i el repintat de tota la senyal\u00edstica circulat\u00f2ria.<\/p>\n\n\n\n<p>\u201cPer a este equip de govern el manteniment, la millora i conservaci\u00f3 del pol\u00edgon industrial \u00e9s una prioritat. \u00c9s la carta de presentaci\u00f3 del nostre municipi a l&#8217;hora de captar noves activitats i inversions. \u00c9s per aix\u00f2 que en els pressupostos 2021 introduirem per primera vegada en la hist\u00f2ria del pol\u00edgon una partida econ\u00f2mica pr\u00f2pia per a la conservaci\u00f3 i manteniment d&#8217;este\u201d, ha explicat V\u00edctor Sanchis, regidor de Promoci\u00f3 Econ\u00f2mica de Vilamarxant.<\/p>\n\n\n\n<p>\u201cEntre les empreses, usuaris i municipi hem de treballar per mantindre esta \u00e0rea industrial amb el millor aspecte possible, eixe ha de ser el nostre punt fort i diferenciador entre la resta de pol\u00edgons de la comarca\u201d, ha acabat el regidor.<br><\/p>\n","protected":false},"excerpt":{"rendered":"<div class=\"mh-excerpt\">L&#8217;equip de govern de l&#8217;Ajuntament de Vilamarxant ha visitat durant el mat\u00ed de hui el pol\u00edgon d\u2019Enchilagar del Rullo per a comprovar l&#8217;evoluci\u00f3 de les obres que milloraran la zona industrial. H\u00e9ctor Troyano, alcalde de <a class=\"mh-excerpt-more\" href=\"https:\/\/www.tucomarca.com\/wordpress\/segunda\/ca\/lequip-de-govern-de-vilamarxant-visita-levolucio-de-les-millores-del-poligon-denchilagar-del-rullo\/\" title=\"L&#8217;equip de govern de Vilamarxant visita l&#8217;evoluci\u00f3 de les millores del pol\u00edgon d\u2019Enchilagar del Rullo\">[+] <\/a><\/div>\n","protected":false},"author":12,"featured_media":122333,"comment_status":"open","ping_status":"open","sticky":false,"template":"","format":"standard","meta":{"footnotes":""},"categories":[10892,10948,10894,10947,10896,10927],"tags":[10395,8163,10439],"class_list":{"0":"post-122334","1":"post","2":"type-post","3":"status-publish","4":"format-standard","5":"has-post-thumbnail","7":"category-camp-de-turia-ca","8":"category-infraestructuras-ca","9":"category-la-comarca-ca","10":"category-politica","11":"category-seccion-ca","12":"category-vilamarxant-ca","13":"tag-camp-de-turia","14":"tag-equipo-de-gobierno","15":"tag-vilamarxant"},"_links":{"self":[{"href":"https:\/\/www.tucomarca.com\/wordpress\/segunda\/ca\/wp-json\/wp\/v2\/posts\/122334","targetHints":{"allow":["GET"]}}],"collection":[{"href":"https:\/\/www.tucomarca.com\/wordpress\/segunda\/ca\/wp-json\/wp\/v2\/posts"}],"about":[{"href":"https:\/\/www.tucomarca.com\/wordpress\/segunda\/ca\/wp-json\/wp\/v2\/types\/post"}],"author":[{"embeddable":true,"href":"https:\/\/www.tucomarca.com\/wordpress\/segunda\/ca\/wp-json\/wp\/v2\/users\/12"}],"replies":[{"embeddable":true,"href":"https:\/\/www.tucomarca.com\/wordpress\/segunda\/ca\/wp-json\/wp\/v2\/comments?post=122334"}],"version-history":[{"count":0,"href":"https:\/\/www.tucomarca.com\/wordpress\/segunda\/ca\/wp-json\/wp\/v2\/posts\/122334\/revisions"}],"wp:featuredmedia":[{"embeddable":true,"href":"https:\/\/www.tucomarca.com\/wordpress\/segunda\/ca\/wp-json\/wp\/v2\/media\/122333"}],"wp:attachment":[{"href":"https:\/\/www.tucomarca.com\/wordpress\/segunda\/ca\/wp-json\/wp\/v2\/media?parent=122334"}],"wp:term":[{"taxonomy":"category","embeddable":true,"href":"https:\/\/www.tucomarca.com\/wordpress\/segunda\/ca\/wp-json\/wp\/v2\/categories?post=122334"},{"taxonomy":"post_tag","embeddable":true,"href":"https:\/\/www.tucomarca.com\/wordpress\/segunda\/ca\/wp-json\/wp\/v2\/tags?post=122334"}],"curies":[{"name":"wp","href":"https:\/\/api.w.org\/{rel}","templated":true}]}}