{"id":122380,"date":"2020-12-22T22:27:21","date_gmt":"2020-12-22T21:27:21","guid":{"rendered":"http:\/\/www.tucomarca.com\/wordpress\/segunda\/?p=122380"},"modified":"2020-12-23T10:20:15","modified_gmt":"2020-12-23T09:20:15","slug":"la-diputacio-millora-la-seguretat-de-la-carretera-cv-363-entre-mas-de-lolmo-i-ademuz","status":"publish","type":"post","link":"https:\/\/www.tucomarca.com\/wordpress\/segunda\/ca\/la-diputacio-millora-la-seguretat-de-la-carretera-cv-363-entre-mas-de-lolmo-i-ademuz\/","title":{"rendered":"La Diputaci\u00f3 millora la seguretat de la carretera CV-363 entre Mas de l&#8217;Olmo i Ademuz"},"content":{"rendered":"\n<h4 class=\"wp-block-heading\"><strong>L&#8217;\u00e0rea d&#8217;Infraestructures finalitza les obres d&#8217;este cam\u00ed de domini p\u00fablic incorporat a la xarxa provincial en 2019. Amb una inversi\u00f3 de 1,5 milions d\u2019euros s&#8217;ha actuat sobre 11,5 quil\u00f2metres de via<\/strong><\/h4>\n\n\n\n<h4 class=\"wp-block-heading\"><strong>Amb esta actuaci\u00f3, la corporaci\u00f3 provincial porta invertits m\u00e9s de sis milions d&#8217;euros en les carreteres del Rinc\u00f3n d&#8217;Ademuz per a garantir millors despla\u00e7aments i lluitar contra la despoblaci\u00f3<\/strong><\/h4>\n\n\n\n<p>La Diputaci\u00f3 de Val\u00e8ncia ha finalitzat les obres de condicionament de la CV-363 en el tram entre Mas de l&#8217;Olmo i Ademuz, un cam\u00ed de domini p\u00fablic incorporat a la xarxa vi\u00e0ria provincial en 2019. Amb una inversi\u00f3 de 1,5 milions d&#8217;euros, l&#8217;\u00e0rea provincial de Carreteres que dirigix Rafa Garc\u00eda ha millorat la seguretat de estre trajecte de 11,5 quil\u00f2metres que travessa Vall de la Sabina, a la comarca del Rinc\u00f3n d&#8217;Ademuz.<\/p>\n\n\n\n<p>Esta actuaci\u00f3 se suma a altres realitzades en els \u00faltims anys en les carreteres del Rinc\u00f3n \u201camb l&#8217;objectiu de millorar les infraestructures en esta i altres comarques d&#8217;interior en les quals existix un important risc de despoblaci\u00f3\u201d, segons explica el responsable provincial de Carreteres, Rafa Garc\u00eda.<\/p>\n\n\n\n<p>L&#8217;obra ha tingut un termini d&#8217;execuci\u00f3 de huit mesos i ha perm\u00e9s eixamplar tota la cal\u00e7ada fins a aconseguir una secci\u00f3 m\u00ednima de cinc metres, amb una cuneta de seguretat en el costat del desmunt. La intervenci\u00f3 ha servit tamb\u00e9 per a estabilitzar diferents zones amb el risc de despreniments, especialment la localitzada en els voltants de Vall de la Sabina, on ha sigut necessari executar una berma interm\u00e8dia i l&#8217;estesa dels talussos fins a obtindre una inclinaci\u00f3 estable.<\/p>\n\n\n\n<p>La nova carretera entre Mas de l&#8217;Olmo i Ademuz, que es troba ja en servei, compta a m\u00e9s amb els sistemes de contenci\u00f3 necessaris per a garantir la seguretat vi\u00e0ria. En concret, s&#8217;ha col\u00b7locat barrera met\u00e0l\u00b7lica en una longitud pr\u00f2xima als nou quil\u00f2metres i s&#8217;han instal\u00b7lat 250 senyals i panells que faciliten la conducci\u00f3.<\/p>\n\n\n\n<p>L&#8217;\u00faltima de les infraestructures vi\u00e0ries renovada en el Rinc\u00f3n d&#8217;Ademuz inclou igualment el canvi del paviment de la cal\u00e7ada, que es trobava \u201cmolt deteriorat i podia constituir un major risc per a la circulaci\u00f3 en determinats trams d&#8217;una via que a m\u00e9s era molt estreta i amb successives corbes\u201d, apunta el diputat de Carreteres, Rafa Garc\u00eda, que insistix que \u201cla seguretat vi\u00e0ria \u00e9s la m\u00e0xima prioritat de la Diputaci\u00f3 en una xarxa provincial que supera els 1.800 quil\u00f2metres\u201d.<\/p>\n\n\n\n<p>Amb la finalitzaci\u00f3 de les obres en el tram entre Mas de l&#8217;Olmo i Ademuz la Diputaci\u00f3 porta m\u00e9s de sis milions d&#8217;euros invertits en la CV-363 i altres carreteres de la comarca del Rinc\u00f3n d&#8217;Ademuz com la CV-478 de Vallanca a Negr\u00f3n i la CV-682 a Castielfabib. Pel que respecta a la CV-363, l&#8217;\u00e0rea provincial de Carreteres ja havia adequat i reasfaltat recentment els trams entre La Puebla de San Miguel i la pedania de Losilla de Aras, en La Serran\u00eda, i entre La Pobla i Mas de l&#8217;Olmo.<\/p>\n\n\n\n<p>En paraules de Rafa Garc\u00eda, estes inversions \u201cposen de manifest la intenci\u00f3 d&#8217;este equip de govern de compensar l&#8217;aband\u00f3 hist\u00f2ric de les carreteres de zones poc poblades que es trobaven molt deteriorades, amb la conseg\u00fcent incomoditat de les ve\u00efnes i ve\u00efns d&#8217;estos municipis d&#8217;interior que tamb\u00e9 mereixen les millors infraestructures en el seu dia a dia, amb garanties de seguretat en els seus despla\u00e7aments\u201d.<\/p>\n","protected":false},"excerpt":{"rendered":"<div class=\"mh-excerpt\">L&#8217;\u00e0rea d&#8217;Infraestructures finalitza les obres d&#8217;este cam\u00ed de domini p\u00fablic incorporat a la xarxa provincial en 2019. Amb una inversi\u00f3 de 1,5 milions d\u2019euros s&#8217;ha actuat sobre 11,5 quil\u00f2metres de via Amb esta actuaci\u00f3, la <a class=\"mh-excerpt-more\" href=\"https:\/\/www.tucomarca.com\/wordpress\/segunda\/ca\/la-diputacio-millora-la-seguretat-de-la-carretera-cv-363-entre-mas-de-lolmo-i-ademuz\/\" title=\"La Diputaci\u00f3 millora la seguretat de la carretera CV-363 entre Mas de l&#8217;Olmo i Ademuz\">[+] <\/a><\/div>\n","protected":false},"author":12,"featured_media":122377,"comment_status":"open","ping_status":"open","sticky":false,"template":"","format":"standard","meta":{"footnotes":""},"categories":[10890,10926,10898,10948,10894,10947,10896],"tags":[10397,516,3677,2041],"class_list":{"0":"post-122380","1":"post","2":"type-post","3":"status-publish","4":"format-standard","5":"has-post-thumbnail","7":"category-ademus","8":"category-ademus-ca","9":"category-ventana-ca","10":"category-infraestructuras-ca","11":"category-la-comarca-ca","12":"category-politica","13":"category-seccion-ca","14":"tag-ademuz","15":"tag-carreteras-diputacion","16":"tag-diputacio-de-valencia","17":"tag-rincon-ademuz"},"_links":{"self":[{"href":"https:\/\/www.tucomarca.com\/wordpress\/segunda\/ca\/wp-json\/wp\/v2\/posts\/122380","targetHints":{"allow":["GET"]}}],"collection":[{"href":"https:\/\/www.tucomarca.com\/wordpress\/segunda\/ca\/wp-json\/wp\/v2\/posts"}],"about":[{"href":"https:\/\/www.tucomarca.com\/wordpress\/segunda\/ca\/wp-json\/wp\/v2\/types\/post"}],"author":[{"embeddable":true,"href":"https:\/\/www.tucomarca.com\/wordpress\/segunda\/ca\/wp-json\/wp\/v2\/users\/12"}],"replies":[{"embeddable":true,"href":"https:\/\/www.tucomarca.com\/wordpress\/segunda\/ca\/wp-json\/wp\/v2\/comments?post=122380"}],"version-history":[{"count":0,"href":"https:\/\/www.tucomarca.com\/wordpress\/segunda\/ca\/wp-json\/wp\/v2\/posts\/122380\/revisions"}],"wp:featuredmedia":[{"embeddable":true,"href":"https:\/\/www.tucomarca.com\/wordpress\/segunda\/ca\/wp-json\/wp\/v2\/media\/122377"}],"wp:attachment":[{"href":"https:\/\/www.tucomarca.com\/wordpress\/segunda\/ca\/wp-json\/wp\/v2\/media?parent=122380"}],"wp:term":[{"taxonomy":"category","embeddable":true,"href":"https:\/\/www.tucomarca.com\/wordpress\/segunda\/ca\/wp-json\/wp\/v2\/categories?post=122380"},{"taxonomy":"post_tag","embeddable":true,"href":"https:\/\/www.tucomarca.com\/wordpress\/segunda\/ca\/wp-json\/wp\/v2\/tags?post=122380"}],"curies":[{"name":"wp","href":"https:\/\/api.w.org\/{rel}","templated":true}]}}