{"id":122430,"date":"2020-12-22T20:00:43","date_gmt":"2020-12-22T19:00:43","guid":{"rendered":"http:\/\/www.tucomarca.com\/wordpress\/segunda\/?p=122430"},"modified":"2020-12-23T18:25:15","modified_gmt":"2020-12-23T17:25:15","slug":"requena-convoca-subvencions-amb-destinacio-a-la-promocio-gastronomica-local-2020","status":"publish","type":"post","link":"https:\/\/www.tucomarca.com\/wordpress\/segunda\/ca\/requena-convoca-subvencions-amb-destinacio-a-la-promocio-gastronomica-local-2020\/","title":{"rendered":"Requena convoca subvencions amb destinaci\u00f3 a la promoci\u00f3 gastron\u00f2mica local 2020"},"content":{"rendered":"\n<h4 class=\"wp-block-heading\"><strong>L&#8217;objectiu \u00e9s potenciar el consum de vins, caves i embotits de Requena en els bars i restaurants del terme municipal<\/strong><\/h4>\n\n\n\n<p>L&#8217;Ajuntament de Requena convoca per cinqu\u00e8 any consecutiu subvencions per un import de 18.000 euros destinades a restaurants, bars, hotels i vinoteques per potenciar les iniciatives destinades a la promoci\u00f3 gastron\u00f2mica local. La finalitat d&#8217;aquestes subvencions \u00e9s fomentar en el municipi de Requena els programes i accions encaminats a promoure i impulsar el comer\u00e7 de proximitat, el consum local i la promoci\u00f3 de productes locals, mitjan\u00e7ant la concessi\u00f3 de subvencions, i estaran finan\u00e7ades amb c\u00e0rrec als recursos propis de l&#8217;Ajuntament.<\/p>\n\n\n\n<p>Podran ser beneficiaris de les subvencions restaurants, bars, hotels i vinoteques que reuneixen els requisits de tenir la seu social al terme municipal de Requena i exerceixen la seva activitat en el mateix.<\/p>\n\n\n\n<p>El termini per a la presentaci\u00f3 de sol\u00b7licituds conclou el proper 28 de desembre.<\/p>\n\n\n\n<p>Els productes a subvencionar seran la compra de vi de la Denominaci\u00f3 d&#8217;Origen Utiel-Requena i de cava de la Denominaci\u00f3 d&#8217;Origen Cava, de cellers situats a Requena i embotit de carnisseries situades en el mateix municipi, a m\u00e9s de la vaixella adequada per a servir els productes (copes de vi homologades, copes de cava tipus &#8220;flauta&#8221; i recipients de fang per servir l&#8217;embotit).<\/p>\n\n\n\n<p>Una altra condici\u00f3 per percebre les esmentades ajudes, \u00e9s que els diferents productes, tant vins com embotits, se serveixin a la temperatura adequada a cada un d&#8217;ells. A m\u00e9s, els establiments beneficiaris hauran d&#8217;instal\u00b7lar a la vista a l&#8217;exterior de l&#8217;establiment un cartell, que proporcionar\u00e0 l&#8217;Ajuntament, que indique que serveix vi, cava o embotit de Requena, segons el cas. Informa,<strong> Luis Ib\u00e1\u00f1ez.<\/strong><\/p>\n","protected":false},"excerpt":{"rendered":"<div class=\"mh-excerpt\">L&#8217;objectiu \u00e9s potenciar el consum de vins, caves i embotits de Requena en els bars i restaurants del terme municipal L&#8217;Ajuntament de Requena convoca per cinqu\u00e8 any consecutiu subvencions per un import de 18.000 euros <a class=\"mh-excerpt-more\" href=\"https:\/\/www.tucomarca.com\/wordpress\/segunda\/ca\/requena-convoca-subvencions-amb-destinacio-a-la-promocio-gastronomica-local-2020\/\" title=\"Requena convoca subvencions amb destinaci\u00f3 a la promoci\u00f3 gastron\u00f2mica local 2020\">[+] <\/a><\/div>\n","protected":false},"author":12,"featured_media":122429,"comment_status":"open","ping_status":"open","sticky":false,"template":"","format":"standard","meta":{"footnotes":""},"categories":[11006,10894,11007,10908,10909,10896],"tags":[13147,1422],"class_list":{"0":"post-122430","1":"post","2":"type-post","3":"status-publish","4":"format-standard","5":"has-post-thumbnail","7":"category-canal-vinos","8":"category-la-comarca-ca","9":"category-ocio-y-cultura-ca","10":"category-requena-ca","11":"category-requena-utiel-ca","12":"category-seccion-ca","13":"tag-cava-de-requena","14":"tag-do-utiel-requena"},"_links":{"self":[{"href":"https:\/\/www.tucomarca.com\/wordpress\/segunda\/ca\/wp-json\/wp\/v2\/posts\/122430","targetHints":{"allow":["GET"]}}],"collection":[{"href":"https:\/\/www.tucomarca.com\/wordpress\/segunda\/ca\/wp-json\/wp\/v2\/posts"}],"about":[{"href":"https:\/\/www.tucomarca.com\/wordpress\/segunda\/ca\/wp-json\/wp\/v2\/types\/post"}],"author":[{"embeddable":true,"href":"https:\/\/www.tucomarca.com\/wordpress\/segunda\/ca\/wp-json\/wp\/v2\/users\/12"}],"replies":[{"embeddable":true,"href":"https:\/\/www.tucomarca.com\/wordpress\/segunda\/ca\/wp-json\/wp\/v2\/comments?post=122430"}],"version-history":[{"count":0,"href":"https:\/\/www.tucomarca.com\/wordpress\/segunda\/ca\/wp-json\/wp\/v2\/posts\/122430\/revisions"}],"wp:featuredmedia":[{"embeddable":true,"href":"https:\/\/www.tucomarca.com\/wordpress\/segunda\/ca\/wp-json\/wp\/v2\/media\/122429"}],"wp:attachment":[{"href":"https:\/\/www.tucomarca.com\/wordpress\/segunda\/ca\/wp-json\/wp\/v2\/media?parent=122430"}],"wp:term":[{"taxonomy":"category","embeddable":true,"href":"https:\/\/www.tucomarca.com\/wordpress\/segunda\/ca\/wp-json\/wp\/v2\/categories?post=122430"},{"taxonomy":"post_tag","embeddable":true,"href":"https:\/\/www.tucomarca.com\/wordpress\/segunda\/ca\/wp-json\/wp\/v2\/tags?post=122430"}],"curies":[{"name":"wp","href":"https:\/\/api.w.org\/{rel}","templated":true}]}}