{"id":122650,"date":"2020-12-28T19:00:18","date_gmt":"2020-12-28T18:00:18","guid":{"rendered":"http:\/\/www.tucomarca.com\/wordpress\/segunda\/?p=122650"},"modified":"2020-12-28T22:47:52","modified_gmt":"2020-12-28T21:47:52","slug":"riba-roja-traura-a-licitacio-publica-9-milions-deuros-en-obres-i-servicis-durant-lany-2021-i-fomentara-la-participacio-de-les-empreses-locals","status":"publish","type":"post","link":"https:\/\/www.tucomarca.com\/wordpress\/segunda\/ca\/riba-roja-traura-a-licitacio-publica-9-milions-deuros-en-obres-i-servicis-durant-lany-2021-i-fomentara-la-participacio-de-les-empreses-locals\/","title":{"rendered":"Riba-roja traur\u00e0 a licitaci\u00f3 p\u00fablica 9 milions d&#8217;euros en obres i servicis durant l&#8217;any 2021 i fomentar\u00e0 la participaci\u00f3 de les empreses locals"},"content":{"rendered":"\n<h4 class=\"wp-block-heading\"><strong>El ple reserva un 5% a Centres Especials d&#8217;Ocupaci\u00f3 i Inserci\u00f3<\/strong><\/h4>\n\n\n\n<p>El ple de l&#8217;Ajuntament de Riba-roja de T\u00faria ha aprovat el Pla de Contractaci\u00f3 p\u00fablica de l&#8217;any que 2021 per un import de 9 milions d&#8217;euros en noves licitacions d&#8217;obres, serveis i subministraments p\u00fablics als quals s&#8217;afegiran altres 6 milions en concepte de noves licitacions per a la continuaci\u00f3 del servei o subministraments municipals.<\/p>\n\n\n\n<p>L&#8217;acord plenari de Riba-roja de T\u00faria impulsat per l&#8217;equip de govern del  PSPV ha comptat amb el suport de les formacions pol\u00edtiques de Ciutadans, Comprom\u00eds, l&#8217;Esquerra, Podem Riba-roja Pot i l&#8217;abstenci\u00f3 del Partit Popular i Vox. Aquesta iniciativa ser\u00e0 publicada i difosa ara en els mitjans p\u00fablics perqu\u00e8 arribe al major nombre d&#8217;empreses interessades en la licitaci\u00f3.<\/p>\n\n\n\n<p>El pla de contractaci\u00f3 p\u00fablica del pr\u00f2xim exercici pressupostari introdueix algunes novetats respecte d&#8217;exercicis pressupostaris anteriors com un increment de la qualitat de les contractacions municipals i majors facilitats en la participaci\u00f3 de les Pimes mitjan\u00e7ant una planificaci\u00f3 adequada de l&#8217;pressupost econ\u00f2mic, m\u00e9s coordinaci\u00f3 de les diferents \u00e0rees municipals, millorar la participaci\u00f3 ciutadana i un augment de la transpar\u00e8ncia.<\/p>\n\n\n\n<p>Sota aquestes premisses, l&#8217;objectiu d&#8217;l&#8217;Ajuntament de Riba-roja de T\u00faria \u00e9s afavorir la inserci\u00f3 laboral de col\u00b7lectius desfavorits mitjan\u00e7ant la contractaci\u00f3 p\u00fablica, una reserva de el 5% de l&#8217;import de les noves licitacions de el pla de contractacions de l&#8217;any que amb destinaci\u00f3 als Centres Especials d&#8217;Ocupaci\u00f3 i Empreses d&#8217;Inserci\u00f3.<\/p>\n\n\n\n<p>El pla anual de contractaci\u00f3 recull la relaci\u00f3 dels contractes que sortiran a licitaci\u00f3 p\u00fablica, amb dades b\u00e0siques com l&#8217;objecte dels mateixos, el preu, la durada i els detalls detallats perqu\u00e8 les empreses interessades puguin con\u00e8ixer anticipadament els contractes i puguin planificar-se per presentar en temps i forma la seva oferta corresponent.<\/p>\n\n\n\n<p>L&#8217;acord plenari recorda que des de l&#8217;Ajuntament de Riba-roja de T\u00faria &#8220;s&#8217;han adaptat de manera urgent i immediata tot un seguit de mesures per pal\u00b7liar els efectes d&#8217;aquesta crisi, per\u00f2 tots els esfor\u00e7os s\u00f3n pocs&#8221; i, per tant, defensa que des de totes les \u00e0rees i departaments municipals &#8220;s&#8217;unisquen els esfor\u00e7os per pal\u00b7liar els efectes del Covid-19 mitjan\u00e7ant totes les pol\u00edtiques p\u00fabliques, la seua import\u00e0ncia \u00e9s vital en el proc\u00e9s de reconstrucci\u00f3 i reactivaci\u00f3 econ\u00f2mica i social que la nostra societat necessita despr\u00e9s d&#8217;aquesta crisi sense precedents&#8221; .<\/p>\n\n\n\n<p>Les l\u00ednies de contractaci\u00f3 p\u00fablica tindran en compte les cl\u00e0usules socials que en el seu moment va aprovar el ple de l&#8217;Ajuntament de Riba-roja de T\u00faria com una major puntuaci\u00f3 per a aquelles empreses que contracten persones m\u00e9s vulnerables o amb dificultats per a la seva inserci\u00f3 laboral i que hagin rom\u00e0s durant per\u00edodes llargs de temps en una situaci\u00f3 d&#8217;atur.<\/p>\n\n\n\n<p>El consistori de Riba-roja de T\u00faria tamb\u00e9 t\u00e9 creada una comissi\u00f3 \u00e8tica municipal amb l&#8217;objectiu d&#8217;evitar possibles casos d&#8217;interessos que puguin sorgir en el proc\u00e9s d&#8217;adjudicaci\u00f3 dels contractes p\u00fablics de l&#8217;ajuntament, de manera que totes les possibles aspirants als mateixos concorrin amb les mateixes possibilitats. Garantir la transpar\u00e8ncia i la igualtat en el tracte de tots els licitadors i candidats en el procediment s\u00f3n altres dels seus objectius.<\/p>\n\n\n\n<p>La mem\u00f2ria de la contractaci\u00f3 p\u00fablica corresponent a l&#8217;exercici passat 2019 ha demostrat un estalvi de 1&#8217;3 milions d&#8217;euros per a les arques p\u00fabliques gr\u00e0cies a l&#8217;exig\u00e8ncia de la definici\u00f3 pr\u00e8via de les necessitats a satisfer, la salvaguarda de la lliure compet\u00e8ncia i la selecci\u00f3 de l&#8217;oferta econ\u00f2mica m\u00e9s avantatjosa ja que fins a un 80% de la valor econ\u00f2mic tramitat s&#8217;ha realitzat mitjan\u00e7ant procediments oberts i de lliure concurr\u00e8ncia.<\/p>\n\n\n\n<p>L&#8217;alcalde de Riba-roja de T\u00faria, Robert Raga, ha afirmat que aquest pla anual de contractes &#8220;\u00e9s un eix fonamental d&#8217;aquest equip de govern en el seu objectiu d&#8217;aprofundir en la transpar\u00e8ncia, en la lliure concurr\u00e8ncia i en la possibilitat que totes les petites i mitjanes empreses de la localitat puguen presentar-se, per a aix\u00f2 els facilitem assessorament ja que a la fi s\u00f3n diners que reverteix en riquesa i ocupaci\u00f3 per al municipi&#8221;.<\/p>\n","protected":false},"excerpt":{"rendered":"<div class=\"mh-excerpt\">El ple reserva un 5% a Centres Especials d&#8217;Ocupaci\u00f3 i Inserci\u00f3 El ple de l&#8217;Ajuntament de Riba-roja de T\u00faria ha aprovat el Pla de Contractaci\u00f3 p\u00fablica de l&#8217;any que 2021 per un import de 9 <a class=\"mh-excerpt-more\" href=\"https:\/\/www.tucomarca.com\/wordpress\/segunda\/ca\/riba-roja-traura-a-licitacio-publica-9-milions-deuros-en-obres-i-servicis-durant-lany-2021-i-fomentara-la-participacio-de-les-empreses-locals\/\" title=\"Riba-roja traur\u00e0 a licitaci\u00f3 p\u00fablica 9 milions d&#8217;euros en obres i servicis durant l&#8217;any 2021 i fomentar\u00e0 la participaci\u00f3 de les empreses locals\">[+] <\/a><\/div>\n","protected":false},"author":12,"featured_media":97234,"comment_status":"open","ping_status":"open","sticky":false,"template":"","format":"standard","meta":{"footnotes":""},"categories":[10892,10948,10894,10947,10906,10896],"tags":[10395,8900],"class_list":{"0":"post-122650","1":"post","2":"type-post","3":"status-publish","4":"format-standard","5":"has-post-thumbnail","7":"category-camp-de-turia-ca","8":"category-infraestructuras-ca","9":"category-la-comarca-ca","10":"category-politica","11":"category-riba-roja-ca","12":"category-seccion-ca","13":"tag-camp-de-turia","14":"tag-riba-roja-del-turia"},"_links":{"self":[{"href":"https:\/\/www.tucomarca.com\/wordpress\/segunda\/ca\/wp-json\/wp\/v2\/posts\/122650","targetHints":{"allow":["GET"]}}],"collection":[{"href":"https:\/\/www.tucomarca.com\/wordpress\/segunda\/ca\/wp-json\/wp\/v2\/posts"}],"about":[{"href":"https:\/\/www.tucomarca.com\/wordpress\/segunda\/ca\/wp-json\/wp\/v2\/types\/post"}],"author":[{"embeddable":true,"href":"https:\/\/www.tucomarca.com\/wordpress\/segunda\/ca\/wp-json\/wp\/v2\/users\/12"}],"replies":[{"embeddable":true,"href":"https:\/\/www.tucomarca.com\/wordpress\/segunda\/ca\/wp-json\/wp\/v2\/comments?post=122650"}],"version-history":[{"count":0,"href":"https:\/\/www.tucomarca.com\/wordpress\/segunda\/ca\/wp-json\/wp\/v2\/posts\/122650\/revisions"}],"wp:featuredmedia":[{"embeddable":true,"href":"https:\/\/www.tucomarca.com\/wordpress\/segunda\/ca\/wp-json\/wp\/v2\/media\/97234"}],"wp:attachment":[{"href":"https:\/\/www.tucomarca.com\/wordpress\/segunda\/ca\/wp-json\/wp\/v2\/media?parent=122650"}],"wp:term":[{"taxonomy":"category","embeddable":true,"href":"https:\/\/www.tucomarca.com\/wordpress\/segunda\/ca\/wp-json\/wp\/v2\/categories?post=122650"},{"taxonomy":"post_tag","embeddable":true,"href":"https:\/\/www.tucomarca.com\/wordpress\/segunda\/ca\/wp-json\/wp\/v2\/tags?post=122650"}],"curies":[{"name":"wp","href":"https:\/\/api.w.org\/{rel}","templated":true}]}}