{"id":122657,"date":"2020-12-28T19:05:44","date_gmt":"2020-12-28T18:05:44","guid":{"rendered":"http:\/\/www.tucomarca.com\/wordpress\/segunda\/?p=122657"},"modified":"2020-12-28T22:54:17","modified_gmt":"2020-12-28T21:54:17","slug":"la-unio-europea-prorroga-les-ajudes-de-la-pac-per-a-2021-i-2022","status":"publish","type":"post","link":"https:\/\/www.tucomarca.com\/wordpress\/segunda\/ca\/la-unio-europea-prorroga-les-ajudes-de-la-pac-per-a-2021-i-2022\/","title":{"rendered":"La Uni\u00f3 Europea prorroga les ajudes de la PAC per a 2021 i 2022"},"content":{"rendered":"\n<h4 class=\"wp-block-heading\"><strong>A Requena-Utiel reben les mencionades ajudes diversos centenars d&#8217;agricultors<\/strong><\/h4>\n\n\n\n<p>Segons l&#8217;organitzaci\u00f3 agr\u00e0ria AVA-Asaja, la Uni\u00f3 Europea ha prorrogat les ajudes de la Pol\u00edtica Agr\u00edcola Comunit\u00e0ria actual per als anys 2021 i 2022 tant per a les ajudes directes com per a les de desenrotllament rural. A m\u00e9s d&#8217;esta pr\u00f2rroga, es contemplen recursos per a la recuperaci\u00f3 del sector agr\u00edcola i les zones rurals de la Uni\u00f3 Europea per a fer front a les repercussions de la crisi del COVID-19 . La UE destinar\u00e0 per a este fi 8.070 milions d&#8217;euros a c\u00e0rrec del Feader. Informa, <strong>Luis Ib\u00e1\u00f1ez<\/strong>.<\/p>\n","protected":false},"excerpt":{"rendered":"<div class=\"mh-excerpt\">A Requena-Utiel reben les mencionades ajudes diversos centenars d&#8217;agricultors Segons l&#8217;organitzaci\u00f3 agr\u00e0ria AVA-Asaja, la Uni\u00f3 Europea ha prorrogat les ajudes de la Pol\u00edtica Agr\u00edcola Comunit\u00e0ria actual per als anys 2021 i 2022 tant per a <a class=\"mh-excerpt-more\" href=\"https:\/\/www.tucomarca.com\/wordpress\/segunda\/ca\/la-unio-europea-prorroga-les-ajudes-de-la-pac-per-a-2021-i-2022\/\" title=\"La Uni\u00f3 Europea prorroga les ajudes de la PAC per a 2021 i 2022\">[+] <\/a><\/div>\n","protected":false},"author":12,"featured_media":122656,"comment_status":"open","ping_status":"open","sticky":false,"template":"","format":"standard","meta":{"footnotes":""},"categories":[10905,10894,10909,10896],"tags":[85,13409,10387],"class_list":{"0":"post-122657","1":"post","2":"type-post","3":"status-publish","4":"format-standard","5":"has-post-thumbnail","7":"category-agricultura-la-comarca-ca","8":"category-la-comarca-ca","9":"category-requena-utiel-ca","10":"category-seccion-ca","11":"tag-agricultura","12":"tag-ayudas-de-la-pac","13":"tag-requena-utiel"},"_links":{"self":[{"href":"https:\/\/www.tucomarca.com\/wordpress\/segunda\/ca\/wp-json\/wp\/v2\/posts\/122657","targetHints":{"allow":["GET"]}}],"collection":[{"href":"https:\/\/www.tucomarca.com\/wordpress\/segunda\/ca\/wp-json\/wp\/v2\/posts"}],"about":[{"href":"https:\/\/www.tucomarca.com\/wordpress\/segunda\/ca\/wp-json\/wp\/v2\/types\/post"}],"author":[{"embeddable":true,"href":"https:\/\/www.tucomarca.com\/wordpress\/segunda\/ca\/wp-json\/wp\/v2\/users\/12"}],"replies":[{"embeddable":true,"href":"https:\/\/www.tucomarca.com\/wordpress\/segunda\/ca\/wp-json\/wp\/v2\/comments?post=122657"}],"version-history":[{"count":0,"href":"https:\/\/www.tucomarca.com\/wordpress\/segunda\/ca\/wp-json\/wp\/v2\/posts\/122657\/revisions"}],"wp:featuredmedia":[{"embeddable":true,"href":"https:\/\/www.tucomarca.com\/wordpress\/segunda\/ca\/wp-json\/wp\/v2\/media\/122656"}],"wp:attachment":[{"href":"https:\/\/www.tucomarca.com\/wordpress\/segunda\/ca\/wp-json\/wp\/v2\/media?parent=122657"}],"wp:term":[{"taxonomy":"category","embeddable":true,"href":"https:\/\/www.tucomarca.com\/wordpress\/segunda\/ca\/wp-json\/wp\/v2\/categories?post=122657"},{"taxonomy":"post_tag","embeddable":true,"href":"https:\/\/www.tucomarca.com\/wordpress\/segunda\/ca\/wp-json\/wp\/v2\/tags?post=122657"}],"curies":[{"name":"wp","href":"https:\/\/api.w.org\/{rel}","templated":true}]}}