{"id":122735,"date":"2020-12-29T19:00:17","date_gmt":"2020-12-29T18:00:17","guid":{"rendered":"http:\/\/www.tucomarca.com\/wordpress\/segunda\/?p=122735"},"modified":"2020-12-29T23:42:57","modified_gmt":"2020-12-29T22:42:57","slug":"leliana-avanca-lhorari-de-tancament-dels-seus-parcs-municipals","status":"publish","type":"post","link":"https:\/\/www.tucomarca.com\/wordpress\/segunda\/ca\/leliana-avanca-lhorari-de-tancament-dels-seus-parcs-municipals\/","title":{"rendered":"L&#8217;Eliana avan\u00e7a l&#8217;horari de tancament dels seus parcs municipals"},"content":{"rendered":"\n<h4 class=\"wp-block-heading\"><strong>La Policia Local al\u00e7a quatre actes en la setmana del 21 al 27 de desembre.<\/strong><\/h4>\n\n\n\n<p>&#8216;Ajuntament de l&#8217;Eliana ha acordat avan\u00e7ar l&#8217;horari de tancament a l&#8217;\u00fas p\u00fablic de tots els parcs municipals, a partir d&#8217;aquest dilluns 28 i fins al pr\u00f2xim 18 de gener. D&#8217;aquesta forma, s&#8217;avan\u00e7a de les 22 a les 19 hores la seua clausura i es mant\u00e9 fins a les 6 del mat\u00ed durant tots els dies de la setmana, sense perjudici de la seua possible revisi\u00f3 i revocaci\u00f3 o pr\u00f2rroga en funci\u00f3 de la situaci\u00f3 epidemiol\u00f2gica.<\/p>\n\n\n\n<p>Aquesta mesura es produeix amb l&#8217;objectiu de reduir l&#8217;impacte de la pand\u00e8mia en llaures a una acci\u00f3 de protecci\u00f3 de la salut i seguretat de la ciutadania, especialment la dels i les joves.<\/p>\n\n\n\n<p>A m\u00e9s, la Policia Local ha refor\u00e7at el seu operatiu per a aquestes festes nadalenques amb 6 agents en cada torn, tres vehicles de patrulla i la cooperaci\u00f3 de la Policia Auton\u00f2mica i la Gu\u00e0rdia Civil.<\/p>\n\n\n\n<p>L&#8217;\u00e0mplia pres\u00e8ncia de cossos i forces de seguretat ha aconseguit reduir, la setmana del 21 al 27 de desembre, a quatre les actes al\u00e7ades. Dos s&#8217;han dirigit a establiments p\u00fablics per l&#8217;incompliment de l&#8217;aforament perm\u00e9s superant el 30%, una a un jove per incomplir el toc de queda i una detenci\u00f3 a un altre jove, de 22 anys, per presumpte delicte de robatori en interior de vehicle i atemptat a un agent de l&#8217;autoritat.<\/p>\n\n\n\n<p>L&#8217;alcalde, Salva Torrent, ha insistit en la necessitat de complir les normes per a superar les preocupants dades actuals, especialment entre la poblaci\u00f3 estudiantil que gaudeix, amb restriccions, de les seues vacances de Nadal i la implicaci\u00f3 de la qual \u00e9s necess\u00e0ria perqu\u00e8 a la volta no es produ\u00efsca una quarta ona.<\/p>\n","protected":false},"excerpt":{"rendered":"<div class=\"mh-excerpt\">La Policia Local al\u00e7a quatre actes en la setmana del 21 al 27 de desembre. &#8216;Ajuntament de l&#8217;Eliana ha acordat avan\u00e7ar l&#8217;horari de tancament a l&#8217;\u00fas p\u00fablic de tots els parcs municipals, a partir d&#8217;aquest <a class=\"mh-excerpt-more\" href=\"https:\/\/www.tucomarca.com\/wordpress\/segunda\/ca\/leliana-avanca-lhorari-de-tancament-dels-seus-parcs-municipals\/\" title=\"L&#8217;Eliana avan\u00e7a l&#8217;horari de tancament dels seus parcs municipals\">[+] <\/a><\/div>\n","protected":false},"author":12,"featured_media":104979,"comment_status":"open","ping_status":"open","sticky":false,"template":"","format":"standard","meta":{"footnotes":""},"categories":[10892,12202,10948,10894,10893,10947,10896,10897],"tags":[10899,11939,11940,13419,11172],"class_list":{"0":"post-122735","1":"post","2":"type-post","3":"status-publish","4":"format-standard","5":"has-post-thumbnail","7":"category-camp-de-turia-ca","8":"category-covid-19-ca","9":"category-infraestructuras-ca","10":"category-la-comarca-ca","11":"category-leliana-ca","12":"category-politica","13":"category-seccion-ca","14":"category-sucesos-la-comarca-ca","15":"tag-camp-de-turia-ca","16":"tag-coronavirus-ca","17":"tag-covid-19-ca","18":"tag-horario-de-cierre-ca","19":"tag-leliana-ca-2"},"_links":{"self":[{"href":"https:\/\/www.tucomarca.com\/wordpress\/segunda\/ca\/wp-json\/wp\/v2\/posts\/122735","targetHints":{"allow":["GET"]}}],"collection":[{"href":"https:\/\/www.tucomarca.com\/wordpress\/segunda\/ca\/wp-json\/wp\/v2\/posts"}],"about":[{"href":"https:\/\/www.tucomarca.com\/wordpress\/segunda\/ca\/wp-json\/wp\/v2\/types\/post"}],"author":[{"embeddable":true,"href":"https:\/\/www.tucomarca.com\/wordpress\/segunda\/ca\/wp-json\/wp\/v2\/users\/12"}],"replies":[{"embeddable":true,"href":"https:\/\/www.tucomarca.com\/wordpress\/segunda\/ca\/wp-json\/wp\/v2\/comments?post=122735"}],"version-history":[{"count":0,"href":"https:\/\/www.tucomarca.com\/wordpress\/segunda\/ca\/wp-json\/wp\/v2\/posts\/122735\/revisions"}],"wp:featuredmedia":[{"embeddable":true,"href":"https:\/\/www.tucomarca.com\/wordpress\/segunda\/ca\/wp-json\/wp\/v2\/media\/104979"}],"wp:attachment":[{"href":"https:\/\/www.tucomarca.com\/wordpress\/segunda\/ca\/wp-json\/wp\/v2\/media?parent=122735"}],"wp:term":[{"taxonomy":"category","embeddable":true,"href":"https:\/\/www.tucomarca.com\/wordpress\/segunda\/ca\/wp-json\/wp\/v2\/categories?post=122735"},{"taxonomy":"post_tag","embeddable":true,"href":"https:\/\/www.tucomarca.com\/wordpress\/segunda\/ca\/wp-json\/wp\/v2\/tags?post=122735"}],"curies":[{"name":"wp","href":"https:\/\/api.w.org\/{rel}","templated":true}]}}