{"id":122794,"date":"2020-12-30T08:00:54","date_gmt":"2020-12-30T07:00:54","guid":{"rendered":"http:\/\/www.tucomarca.com\/wordpress\/segunda\/?p=122794"},"modified":"2020-12-30T15:48:56","modified_gmt":"2020-12-30T14:48:56","slug":"el-circuit-tanca-lany-recuperant-lactivitat-en-lultim-trimestre-a-lespera-de-la-tornada-de-el-public","status":"publish","type":"post","link":"https:\/\/www.tucomarca.com\/wordpress\/segunda\/ca\/el-circuit-tanca-lany-recuperant-lactivitat-en-lultim-trimestre-a-lespera-de-la-tornada-de-el-public\/","title":{"rendered":"El Circuit tanca l&#8217;any recuperant l&#8217;activitat en l&#8217;\u00faltim trimestre a l&#8217;espera de la tornada de el p\u00fablic"},"content":{"rendered":"\n<h4 class=\"wp-block-heading\">L&#8217;\u00edndex d&#8217;activitat anual ha caigut del 88,4% en 2019 al 54,9 % en 2020, encara que es va recuperar fins al 80,4% l&#8217;\u00faltim trimestre&nbsp;<\/h4>\n\n\n\n<h4 class=\"wp-block-heading\">L&#8217;aflu\u00e8ncia de p\u00fablic queda redu\u00efda al m\u00ednim a causa de la pand\u00e8mia de coronavirus, que ha obligat a tancar les portes de Cheste<\/h4>\n\n\n\n<p>El Circuit Ricardo Tormo presenta el calendari 2021 amb novetats i sota la incertesa provocada per la pand\u00e8mia de COVID-19, que obliga a celebrar sense p\u00fablic tota activitat esportiva.&nbsp;<\/p>\n\n\n\n<p>Dels 14 caps de setmana de carreres programats per a l&#8217;any nom\u00e9s els primers, el duatl\u00f3 i el Racing Legends de final de febrer, es van celebrar amb normalitat. Un total de nou van haver de canviar de data fins i tot en tres ocasions i altres tres van ser cancel\u00b7lats.&nbsp;<\/p>\n\n\n\n<p>Per primera vegada des de la seua inauguraci\u00f3 el 1999, el Circuit Ricardo Tormo va celebrar dos grans premis del mundial de motociclisme al novembre, el Gran Premi d&#8217;Europa i el Gran Premi de la Comunitat Valenciana, que ser\u00e0 recordat per la proclamaci\u00f3 de Joan Mir com a campi\u00f3 del m\u00f3n de MotoGP.&nbsp;<\/p>\n\n\n\n<p>A m\u00e9s dels esdeveniments, el Circuit va acollir els entrenaments de pretemporada de la F\u00f3rmula E i un bon nombre de proves i diferents activitats que, a pesar del tancament total de 79 dies des de mar\u00e7 fins a juny i les nombroses cancel\u00b7lacions, han elevat a un 54,9 per cent l&#8217;\u00edndex d&#8217;activitat de la pista.&nbsp;<\/p>\n\n\n\n<p>Aquesta xifra, que, en condicions normals, ascendeix al 88,4 per cent com va succeir en 2019, serveix per a indicar els dies d&#8217;ocupaci\u00f3 de la pista del gran premi al llarg de l&#8217;any. Aix\u00ed, un total de 201 dies dels 366 d&#8217;enguany de trasp\u00e0s el tra\u00e7at de Cheste ha sigut l&#8217;escenari d&#8217;algun tipus d&#8217;activitat. D&#8217;aquests dies el 54,7 % han sigut activitats de motociclisme i el 45,3 %, de quatre rodes.&nbsp;<\/p>\n\n\n\n<p>No obstant aix\u00f2, si es fa balan\u00e7 de l&#8217;\u00faltim trimestre de l&#8217;any, les xifres d&#8217;activitat freguen la normalitat. De l&#8217;1 d&#8217;octubre al 31 de desembre han sigut 74 dies d&#8217;activitat, la qual cosa suposa una ocupaci\u00f3 del 80,4 per cent.&nbsp;<\/p>\n\n\n\n<p><strong>Abs\u00e8ncia de p\u00fablic<\/strong><\/p>\n\n\n\n<p>Quant a l&#8217;aflu\u00e8ncia de p\u00fablic, la caiguda \u00e9s superior, at\u00e9s que nom\u00e9s dos dels 14 esdeveniments programats va poder acollir visitants en les graderies, de manera que la xifra total nom\u00e9s ascendeix als 8.500 espectadors.&nbsp;<\/p>\n\n\n\n<p>El director general del Circuit Ricardo Tormo, Gonzalo Gobert, en fa balan\u00e7: &#8220;Ha sigut un any dur\u00edssim, com en tots els sectors, per\u00f2 el m\u00f3n del motor ha sabut com tirar avant la temporada&#8221;, ha manifestat, i s&#8217;ha mostrat optimista, &#8220;les dades dels \u00faltims mesos ens fan veure el futur a mitj\u00e0 termini amb bon \u00e0nim; el m\u00e9s important \u00e9s que el p\u00fablic puga tornar a ocupar el seu espai en les graderies i prompte puguem gaudir tots dels nostres esports favorits&#8221;, ha indicat.&nbsp;<\/p>\n\n\n\n<p><strong>Escoles de pilots<\/strong><\/p>\n\n\n\n<p>A m\u00e9s de l&#8217;activitat de la pista i les carreres, el Circuit Ricardo Tormo pot fer un balan\u00e7 positiu de les seues escoles de joves pilots. La F\u00f3rmula de Campions ha portat els joves del Centre de Tecnificaci\u00f3 Carles Mart\u00ednez i Quique Bord\u00e1s al Campionat d&#8217;Espanya de F\u00f3rmula 4.&nbsp;<\/p>\n\n\n\n<p>Per part seua, el Bressol de Campions ha obtingut cinc t\u00edtols nacionals i ha estat entre els millors en el Mundial Junior de Moto3 i el European Talent Cup. A m\u00e9s, 2020 ser\u00e0 recordat pel t\u00edtol de MotoGP per a Joan Mir, el primer pilot que va completar part de la seua formaci\u00f3 en el Bressol de Campions que ha aconseguit el t\u00edtol de la categoria reina del motociclisme mundial.<\/p>\n","protected":false},"excerpt":{"rendered":"<div class=\"mh-excerpt\">L&#8217;\u00edndex d&#8217;activitat anual ha caigut del 88,4% en 2019 al 54,9 % en 2020, encara que es va recuperar fins al 80,4% l&#8217;\u00faltim trimestre&nbsp; L&#8217;aflu\u00e8ncia de p\u00fablic queda redu\u00efda al m\u00ednim a causa de la <a class=\"mh-excerpt-more\" href=\"https:\/\/www.tucomarca.com\/wordpress\/segunda\/ca\/el-circuit-tanca-lany-recuperant-lactivitat-en-lultim-trimestre-a-lespera-de-la-tornada-de-el-public\/\" title=\"El Circuit tanca l&#8217;any recuperant l&#8217;activitat en l&#8217;\u00faltim trimestre a l&#8217;espera de la tornada de el p\u00fablic\">[+] <\/a><\/div>\n","protected":false},"author":12,"featured_media":122793,"comment_status":"open","ping_status":"open","sticky":false,"template":"","format":"standard","meta":{"footnotes":""},"categories":[11017,11003,10894,10904,10912,11011,10896,10974],"tags":[10474,10477],"class_list":{"0":"post-122794","1":"post","2":"type-post","3":"status-publish","4":"format-standard","5":"has-post-thumbnail","7":"category-automovilismo-ca","8":"category-sports","9":"category-la-comarca-ca","10":"category-sin-categorizar-ca","11":"category-la-hoya-ca","12":"category-motociclismo-ca","13":"category-seccion-ca","14":"category-cheste-ca","15":"tag-circuit-ricardo-tormo","16":"tag-circuito-de-cheste"},"_links":{"self":[{"href":"https:\/\/www.tucomarca.com\/wordpress\/segunda\/ca\/wp-json\/wp\/v2\/posts\/122794","targetHints":{"allow":["GET"]}}],"collection":[{"href":"https:\/\/www.tucomarca.com\/wordpress\/segunda\/ca\/wp-json\/wp\/v2\/posts"}],"about":[{"href":"https:\/\/www.tucomarca.com\/wordpress\/segunda\/ca\/wp-json\/wp\/v2\/types\/post"}],"author":[{"embeddable":true,"href":"https:\/\/www.tucomarca.com\/wordpress\/segunda\/ca\/wp-json\/wp\/v2\/users\/12"}],"replies":[{"embeddable":true,"href":"https:\/\/www.tucomarca.com\/wordpress\/segunda\/ca\/wp-json\/wp\/v2\/comments?post=122794"}],"version-history":[{"count":0,"href":"https:\/\/www.tucomarca.com\/wordpress\/segunda\/ca\/wp-json\/wp\/v2\/posts\/122794\/revisions"}],"wp:featuredmedia":[{"embeddable":true,"href":"https:\/\/www.tucomarca.com\/wordpress\/segunda\/ca\/wp-json\/wp\/v2\/media\/122793"}],"wp:attachment":[{"href":"https:\/\/www.tucomarca.com\/wordpress\/segunda\/ca\/wp-json\/wp\/v2\/media?parent=122794"}],"wp:term":[{"taxonomy":"category","embeddable":true,"href":"https:\/\/www.tucomarca.com\/wordpress\/segunda\/ca\/wp-json\/wp\/v2\/categories?post=122794"},{"taxonomy":"post_tag","embeddable":true,"href":"https:\/\/www.tucomarca.com\/wordpress\/segunda\/ca\/wp-json\/wp\/v2\/tags?post=122794"}],"curies":[{"name":"wp","href":"https:\/\/api.w.org\/{rel}","templated":true}]}}